{"id":1193,"date":"2020-12-17T09:00:57","date_gmt":"2020-12-17T08:00:57","guid":{"rendered":"http:\/\/derstrausberger.de\/?p=1193"},"modified":"2020-12-17T09:12:31","modified_gmt":"2020-12-17T08:12:31","slug":"heute-im-tagesspiegel-zu-lesen-und-wie-ist-es-bei-uns-in-brandenburg","status":"publish","type":"post","link":"http:\/\/derstrausberger.de\/?p=1193","title":{"rendered":"Heute im Tagesspiegel zu lesen&#8230;und wie ist es bei uns in Brandenburg ?"},"content":{"rendered":"\n<p class=\"has-text-color has-medium-font-size has-vivid-cyan-blue-color\">Zitat Anfang:<\/p>\n\n\n\n<figure class=\"wp-block-image\"><img decoding=\"async\" src=\"https:\/\/m.tagesspiegel.de\/images\/teilevakuierung-in-seniorendomizil-wegen-corona\/26724924\/2-format4020.jpg\" alt=\"In einem Pflegeheim in Lichtenberg starben im November mindestens 15 Personen. Foto: dpa\"\/><figcaption>\u00a9 DPA<\/figcaption><\/figure>\n\n\n\n<h1 class=\"wp-block-heading\">&#8220;<em>Pflegeheime wurden Hotspots&nbsp;<\/em>F\u00fcr die vielen Corona-Toten in Berlin gibt es Verantwortliche<\/h1>\n\n\n\n<p class=\"has-medium-font-size\">Heute 06:46 Uhr<a href=\"https:\/\/m.tagesspiegel.de\/hackenbruch-felix\/14607352.html\">Felix Hackenbruch<\/a><\/p>\n\n\n\n<p class=\"has-medium-font-size\">Jeder zweite Corona-Tote in Berlin steckte sich in Pflegeheimen an. Schuld sind ein krankes Gesundheitssystem und eine z\u00f6gerliche Politik. Ein Kommentar.<\/p>\n\n\n\n<p class=\"has-medium-font-size\">Die Realit\u00e4t ist verst\u00f6rend und schmerzhaft: Mehr als&nbsp;<a href=\"https:\/\/m.tagesspiegel.de\/berlin\/zahlen-steigen-dramatisch-mehr-als-jeder-zweite-corona-tote-in-berlin-steckte-sich-in-pflegeheim-an\/26722528.html\">jeder zweite Corona-Tote in Berlin hat sich zuvor in einem Pflegeheim<\/a>&nbsp;angesteckt. Das sind 492 von 899 Verstorbenen. Infiziert haben sich in Berliner Pflegeheimen seit Pandemiebeginn insgesamt 3425 Menschen. Vor einem Monat waren es noch 1021 gewesen. Hinter jeder Zahl steckt ein Schicksal, ein Menschenleben. Und dies sind F\u00e4lle, die vermeidbar waren.<\/p>\n\n\n\n<p class=\"has-medium-font-size\">F\u00fcr die Pandemie ist niemand verantwortlich, f\u00fcr die<a href=\"https:\/\/m.tagesspiegel.de\/politik\/pandemie-trifft-alte-und-kranke-stark-warum-gelingt-der-schutz-vor-corona-in-pflegeheimen-nicht\/26722690.html\">&nbsp;hohe Zahl von Toten in den Pflegeheimen<\/a>&nbsp;schon. Seit Monaten ist bekannt, dass alte Menschen besonders gef\u00e4hrdet sind. Seit Monaten warnen Mediziner und Virologen, dass die Heime und ihre Bewohner besonders gesch\u00fctzt werden m\u00fcssen. Heute liegt die Sieben-Tage-Inzidenz bei den \u00fcber 90-J\u00e4hrigen in Berlin bei schier unfassbaren 834,3. Wie konnte das passieren?<\/p>\n\n\n\n<p class=\"has-medium-font-size\">Es sei jetzt nicht die Zeit, die Schuldfrage zu stellen, sagte der Gesundheitsstadtrat aus Mitte, nachdem in dieser Woche in seinem Bezirk ein Corona-Ausbruch in einem Heim&nbsp;<a href=\"https:\/\/m.tagesspiegel.de\/berlin\/bislang-groesster-ausbruch-in-der-hauptstadt-23-corona-tote-in-pflegeheim-in-berlin-mitte\/26718276.html\">mit mindestens 23 Toten<\/a>&nbsp;bekannt wurde. Andere Gesundheitsstadtr\u00e4te wollen die \u00d6ffentlichkeit am liebsten gar nicht mehr informieren.&nbsp;<a href=\"https:\/\/m.tagesspiegel.de\/berlin\/bezirke\/mehrere-todesfaelle-zwei-weitere-grosse-corona-ausbrueche-in-berlins-pflegeheimen\/26700514.html\">Sie f\u00fcrchten verzerrende Berichte<\/a>, dass Einrichtungen an den Pranger gestellt w\u00fcrden und das Personal weiter demoralisiert werde.<\/p>\n\n\n\n<p class=\"has-medium-font-size\">F\u00fcr Angeh\u00f6rige muss das wie Hohn klingen. W\u00e4hrend Krankenh\u00e4user halbwegs gesch\u00fctzt wurden, sind Pflegeheime ins Zentrum des Sterbens an und mit dem Virus ger\u00fcckt. M\u00fctter, V\u00e4ter, Omas, Opas, Schwiegereltern sind kurz vor Weihnachten gestorben. Meist innerhalb von Tagen, fast immer ohne Abschied. Einfach weg. Selbst an den Beerdigungen kann nur der engste Familienkreis teilnehmen. Und daran wird sich vorerst nichts \u00e4ndern, in Berlins Pflegeheimen liegt die Todesquote bei 15 Prozent der Infizierten, Tendenz steigend. Wer sich jetzt infiziert, erlebt vielleicht kein Weihnachtsfest mehr.<\/p>\n\n\n\n<p class=\"has-medium-font-size\">F\u00fcr diese Toten gibt es Verantwortliche. Amts\u00e4rzte sprechen im Vertrauen von Heimleitungen, die ihren Angestellten erlaubten, ohne Maske zu arbeiten. Heimleitungen gestehen, dass sie Infizierte aus Doppelzimmern nicht isolieren konnten \u2013 wegen Platzmangels. Pflegekr\u00e4fte berichten, dass sie angewiesen wurden, auch krank zum Dienst zu erscheinen &#8211; und Schutzausr\u00fcstung fehlt. Berlins Gesundheitssenatorin Dilek Kalayci (SPD) erz\u00e4hlt von Leiharbeits-Pflegern, die beim ersten Corona-Befund den Dienst abbrechen, und von mobilen Testteams, die \u201eD\u00e4umchen drehen\u201c, weil niemand ihre Hilfe anfordert.<\/p>\n\n\n\n<p class=\"has-medium-font-size\"><strong>[Wenn Sie alle aktuellen Nachrichten live auf Ihr Handy haben wollen, empfehlen wir Ihnen unsere runderneuerte App, die Sie&nbsp;<a href=\"https:\/\/app.adjust.com\/3cue8rp?campaign=Textlink\">hier f\u00fcr Apple- und Android-Ger\u00e4te<\/a>&nbsp;herunterladen k\u00f6nnen.]<\/strong><\/p>\n\n\n\n<p class=\"has-medium-font-size\">Doch es w\u00e4re falsch, pauschal den Pflegekr\u00e4ften die Schuld zuzuschieben. Wenn einige Heimleitungen jetzt versagt haben, dann weil sie gefangen sind in einem Gesundheitssystem, das schon lange krank ist. In dem nicht Gesundheit und bestm\u00f6gliche Pflege im Mittelpunkt stehen, sondern Personaloptimierungen und Gewinne.<\/p>\n\n\n\n<p class=\"has-medium-font-size\">Die Mitarbeiterinnen und Mitarbeiter von Berliner Pflegeheimen bezahlen selbst einen hohen Preis: 1619 von ihnen haben sich in ihrem Beruf infiziert. Seit Monaten stehen sie in der ersten Reihe an der Corona-Front. Schlecht bezahlt, schlecht ausgebildet, kaum gew\u00fcrdigt. Der Applaus aus dem Fr\u00fchjahr ist l\u00e4ngst verklungen, zur\u00fcck bleibt Ersch\u00f6pfung und keine Aussicht auf Besserung.<\/p>\n\n\n\n<p class=\"has-medium-font-size\"><strong>[Das Coronavirus in Berlin: Jeden Morgen ab 6 Uhr berichten Chefredakteur Lorenz Maroldt und sein Team im Tagesspiegel-Newsletter Checkpoint \u00fcber die aktuellsten Entwicklungen. Kostenlos und kompakt:&nbsp;<a href=\"https:\/\/nl.tagesspiegel.de\/form.do?agnCI=875&amp;agnFN=Checkpoint-artikel\">checkpoint.tagesspiegel.de<\/a>]<\/strong><\/p>\n\n\n\n<p class=\"has-medium-font-size\">Vielmehr ist dies ein Versagen der Politik. Dort kannte man die Entwicklung der Zahlen \u2013 und tat lange nichts. Hoffte weiter auf das Weihnachtswunder, w\u00e4hrend in immer mehr Heimen der Notstand ausbrach. Die \u00d6ffentlichkeit wurde nur auf Nachfrage und auch dann nur z\u00e4h informiert.<\/p>\n\n\n\n<h2 class=\"wp-block-heading\">Mehr zum Thema<\/h2>\n\n\n\n<p class=\"has-medium-font-size\"><a href=\"https:\/\/m.tagesspiegel.de\/berlin\/zahlen-steigen-dramatisch-mehr-als-jeder-zweite-corona-tote-in-berlin-steckte-sich-in-pflegeheim-an\/26722528.html\"><strong>Zahlen steigen dramatisch&nbsp;<\/strong>Mehr als jeder zweite Corona-Tote in Berlin steckte sich in Pflegeheim an<\/a><\/p>\n\n\n\n<p class=\"has-medium-font-size\">Jetzt, viel zu sp\u00e4t, reagiert der&nbsp;<a href=\"https:\/\/m.tagesspiegel.de\/berlin\/corona-in-berlin-ffp2-masken-schnelltests-begrenzte-besuchszeit-fuer-pflegeeinrichtungen-gelten-neue-regeln\/25655678.html\">Senat und versch\u00e4rft die Regeln<\/a>. Das Personal muss sich jeden zweiten Tag testen lassen. Bewohner d\u00fcrfen pro Tag nur noch einen Gast f\u00fcr eine Stunde empfangen. Besucher m\u00fcssen ein negatives Testergebnis vorlegen. F\u00fcr die fast 300 Pflegeeinrichtungen in der Stadt, in denen es inzwischen Corona-Ausbr\u00fcche gibt, kommen diese Regeln zu sp\u00e4t. Das Sterben wird weitergehen. &#8220;<\/p>\n\n\n\n<p class=\"has-text-color has-medium-font-size has-vivid-cyan-blue-color\">Zitat Ende<\/p>\n","protected":false},"excerpt":{"rendered":"\n<p class=\"has-text-color has-medium-font-size has-vivid-cyan-blue-color\">Zitat Anfang:<\/p>\n<p> \u00a9 DPA &#8220;Pflegeheime wurden Hotspots&nbsp;F\u00fcr die vielen Corona-Toten in Berlin gibt es Verantwortliche <\/p>\n<p class=\"has-medium-font-size\">Heute 06:46 UhrFelix Hackenbruch<\/p>\n<p class=\"has-medium-font-size\">Jeder zweite Corona-Tote in Berlin steckte sich in Pflegeheimen an. Schuld sind ein krankes Gesundheitssystem und eine z\u00f6gerliche Politik. Ein Kommentar.<\/p>\n<p class=\"has-medium-font-size\">Die Realit\u00e4t ist verst\u00f6rend und schmerzhaft: Mehr als&nbsp;jeder [&#8230;]<\/p>\n","protected":false},"author":1,"featured_media":0,"comment_status":"closed","ping_status":"open","sticky":false,"template":"","format":"standard","meta":{"ngg_post_thumbnail":0,"footnotes":""},"categories":[1],"tags":[],"class_list":["post-1193","post","type-post","status-publish","format-standard","hentry","category-uncategorized","odd"],"_links":{"self":[{"href":"http:\/\/derstrausberger.de\/index.php?rest_route=\/wp\/v2\/posts\/1193","targetHints":{"allow":["GET"]}}],"collection":[{"href":"http:\/\/derstrausberger.de\/index.php?rest_route=\/wp\/v2\/posts"}],"about":[{"href":"http:\/\/derstrausberger.de\/index.php?rest_route=\/wp\/v2\/types\/post"}],"author":[{"embeddable":true,"href":"http:\/\/derstrausberger.de\/index.php?rest_route=\/wp\/v2\/users\/1"}],"replies":[{"embeddable":true,"href":"http:\/\/derstrausberger.de\/index.php?rest_route=%2Fwp%2Fv2%2Fcomments&post=1193"}],"version-history":[{"count":10,"href":"http:\/\/derstrausberger.de\/index.php?rest_route=\/wp\/v2\/posts\/1193\/revisions"}],"predecessor-version":[{"id":1209,"href":"http:\/\/derstrausberger.de\/index.php?rest_route=\/wp\/v2\/posts\/1193\/revisions\/1209"}],"wp:attachment":[{"href":"http:\/\/derstrausberger.de\/index.php?rest_route=%2Fwp%2Fv2%2Fmedia&parent=1193"}],"wp:term":[{"taxonomy":"category","embeddable":true,"href":"http:\/\/derstrausberger.de\/index.php?rest_route=%2Fwp%2Fv2%2Fcategories&post=1193"},{"taxonomy":"post_tag","embeddable":true,"href":"http:\/\/derstrausberger.de\/index.php?rest_route=%2Fwp%2Fv2%2Ftags&post=1193"}],"curies":[{"name":"wp","href":"https:\/\/api.w.org\/{rel}","templated":true}]}}