{"id":1316,"date":"2021-06-20T18:21:37","date_gmt":"2021-06-20T16:21:37","guid":{"rendered":"http:\/\/derstrausberger.de\/?p=1316"},"modified":"2021-06-20T18:23:03","modified_gmt":"2021-06-20T16:23:03","slug":"war-mal-wieder-ausserhalb-und-zurueck","status":"publish","type":"post","link":"http:\/\/derstrausberger.de\/?p=1316","title":{"rendered":"War mal wieder au\u00dferhalb&#8230;und zur\u00fcck"},"content":{"rendered":"\n<p class=\"has-medium-font-size\">Nachdem mir trotz jeder Menge Vorerkrankungen und Risikovergleiche keine Aussicht einer etwaigen geplanten Terminisierung f\u00fcr Mai oder Juni einer Impfung, das ohne jegliche Dr\u00e4ngelei oder Ungeduld, in meiner Hausarztpraxis gemacht wurde, habe ich in der 3. Dekade M\u00e4rz \u00fcbers Internet prompt f\u00fcr den Folgetag sp\u00e4tnachmittags im Impfzentrum Eberswalde einen Impftermin incl. Folgetermin einer Zweitimpfung buchen k\u00f6nnen&#8230;entweder am Rechner Z\u00f6gern und lange Nachdenken und weg ist der Termin&#8230;. aber sofort gebucht.<\/p>\n\n\n\n<p class=\"has-medium-font-size\">Mit gewisser Erwartung dorthin um knapp 17:30 und ohne lange Warten der Einlass in Begleitung von &#8220;Station zu Station&#8221; durch junge Soldatinnen&#8230;perfekt, h\u00f6flich und umsichtig. Der Pieks war kaum wahrnehmbar und etwa 10-15 Minuten Nachfrist gingen ohne jedwede Einschr\u00e4nkungen vorbei. <\/p>\n\n\n\n<p class=\"has-medium-font-size\">\u00dcber die gesamten 12 Wochen bis zum zweiten Impftermin waren \u00fcberhaupt keine Nebenwirkungen feststellbar. Auf Grund der allgemeinen sinkenden Inzidenzwerte bin ich mit aktuellem Schnelltest Anfang Mai nach Fony\u00f3d gefahren. Lediglich der Mann vom \u00f6ster. Heer an der tschechisch\/\u00f6sterreichischen Grenze bem\u00e4ngelte die &#8220;fehlende Unterschrift&#8221; auf die amtlichen Schnelltest. Na ja&#8230;<\/p>\n\n\n\n<p class=\"has-medium-font-size\">Die n\u00e4chsten Tage wurde die Nachbarschaft begr\u00fc\u00dft&#8230;winken, zunicken und zurufen. Alle die ich gefragt hatte, im Gartencenter, in der Autowerkstatt (Radlager Anh\u00e4nger) als auch viele andere bei Aldi, Obi oder RabKarcher usw. hatten zu diesem Zeitpunkt bereits die Zweitimpfung und bekam von allen die \u00fcbliche Auskunft &#8220;Vakzine Sputnik&#8221; und Daumen hoch. <\/p>\n\n\n\n<p class=\"has-medium-font-size\">Es entsteht bei mir der Eindruck, dass bei der EU Impfkampagne durch sehr festellbare Fehlleistungen viele Menschenleben in Kauf genommen wurden zugunsten der sich steil entwickelnden Aktienkurse der &#8220;nur durch die EU zugelassenen Impfstoffe&#8221; und dass an diesem Geldtrog niemand weiter heran sollte. Sputnik wurde politisiert&#8230; Ich habe die Hoffnung, dass irgendwann einmal nach deutschen Maskendeals auch Wahrheiten \u00fcber Impfstoffdeals der EU herauskommen werden !!!<\/p>\n\n\n\n<p class=\"has-medium-font-size\">Am letzten Mittwoch hatte ich die Zweitimpfung in Eberswalde erhalten, insgesamt war der Ablauf wieder toll von Soldaten organisiert. Die zugesagte digitale Erfassung mit der WarnApp als auch mit dem CovPass klappte wie \u00f6ffentlich zugesagt auch prompt sehr schnell, vielen Dank auch daf\u00fcr. <\/p>\n","protected":false},"excerpt":{"rendered":"\n<p class=\"has-medium-font-size\">Nachdem mir trotz jeder Menge Vorerkrankungen und Risikovergleiche keine Aussicht einer etwaigen geplanten Terminisierung f\u00fcr Mai oder Juni einer Impfung, das ohne jegliche Dr\u00e4ngelei oder Ungeduld, in meiner Hausarztpraxis gemacht wurde, habe ich in der 3. Dekade M\u00e4rz \u00fcbers Internet prompt f\u00fcr den Folgetag sp\u00e4tnachmittags im Impfzentrum Eberswalde einen Impftermin incl. Folgetermin einer [&#8230;]<\/p>\n","protected":false},"author":1,"featured_media":0,"comment_status":"closed","ping_status":"open","sticky":false,"template":"","format":"standard","meta":{"ngg_post_thumbnail":0,"footnotes":""},"categories":[1],"tags":[],"class_list":["post-1316","post","type-post","status-publish","format-standard","hentry","category-uncategorized","odd"],"_links":{"self":[{"href":"http:\/\/derstrausberger.de\/index.php?rest_route=\/wp\/v2\/posts\/1316","targetHints":{"allow":["GET"]}}],"collection":[{"href":"http:\/\/derstrausberger.de\/index.php?rest_route=\/wp\/v2\/posts"}],"about":[{"href":"http:\/\/derstrausberger.de\/index.php?rest_route=\/wp\/v2\/types\/post"}],"author":[{"embeddable":true,"href":"http:\/\/derstrausberger.de\/index.php?rest_route=\/wp\/v2\/users\/1"}],"replies":[{"embeddable":true,"href":"http:\/\/derstrausberger.de\/index.php?rest_route=%2Fwp%2Fv2%2Fcomments&post=1316"}],"version-history":[{"count":10,"href":"http:\/\/derstrausberger.de\/index.php?rest_route=\/wp\/v2\/posts\/1316\/revisions"}],"predecessor-version":[{"id":1329,"href":"http:\/\/derstrausberger.de\/index.php?rest_route=\/wp\/v2\/posts\/1316\/revisions\/1329"}],"wp:attachment":[{"href":"http:\/\/derstrausberger.de\/index.php?rest_route=%2Fwp%2Fv2%2Fmedia&parent=1316"}],"wp:term":[{"taxonomy":"category","embeddable":true,"href":"http:\/\/derstrausberger.de\/index.php?rest_route=%2Fwp%2Fv2%2Fcategories&post=1316"},{"taxonomy":"post_tag","embeddable":true,"href":"http:\/\/derstrausberger.de\/index.php?rest_route=%2Fwp%2Fv2%2Ftags&post=1316"}],"curies":[{"name":"wp","href":"https:\/\/api.w.org\/{rel}","templated":true}]}}