{"id":1353,"date":"2022-05-10T18:09:56","date_gmt":"2022-05-10T16:09:56","guid":{"rendered":"http:\/\/derstrausberger.de\/?p=1353"},"modified":"2023-01-29T11:28:29","modified_gmt":"2023-01-29T10:28:29","slug":"jetzt-ist-es-eine-frau-toll","status":"publish","type":"post","link":"http:\/\/derstrausberger.de\/?p=1353","title":{"rendered":"Jetzt ist es eine Frau&#8230;toll !"},"content":{"rendered":"\n<p><a href=\"https:\/\/ungarnheute.hu\/news_tags\/einweihungszeremonie\/\">EINWEIHUNGSZEREMONIE&nbsp;<\/a><a href=\"https:\/\/ungarnheute.hu\/news_tags\/katalin-novak\/\">KATALIN NOV\u00c1K&nbsp;<\/a><a href=\"https:\/\/ungarnheute.hu\/news_tags\/stab\/\">STAB&nbsp;<\/a><\/p>\n\n\n\n<h1 class=\"wp-block-heading\">\u201eJeder Ungar kann auf mich z\u00e4hlen\u201c \u2013 Katalin Nov\u00e1k hat ihr Amt als Staatspr\u00e4sidentin angetreten<\/h1>\n\n\n\n<p><strong><a href=\"https:\/\/ungarnheute.hu\/author\/ungarnheute\/\">Ungarn Heute<\/a>&nbsp;2022.05.10.&nbsp;<\/strong>Drucken ohne FotoDrucken mit Foto<img loading=\"lazy\" decoding=\"async\" width=\"2560\" height=\"1704\" src=\"https:\/\/ungarnheute.hu\/wp-content\/uploads\/2022\/05\/D_NOE20220510023-scaled.jpg\" alt=\"FIZET\u0150S\" srcset=\"https:\/\/ungarnheute.hu\/wp-content\/uploads\/2022\/05\/D_NOE20220510023-scaled.jpg 2560w, https:\/\/ungarnheute.hu\/wp-content\/uploads\/2022\/05\/D_NOE20220510023-300x200.jpg 300w, https:\/\/ungarnheute.hu\/wp-content\/uploads\/2022\/05\/D_NOE20220510023-1024x682.jpg 1024w, https:\/\/ungarnheute.hu\/wp-content\/uploads\/2022\/05\/D_NOE20220510023-768x511.jpg 768w, https:\/\/ungarnheute.hu\/wp-content\/uploads\/2022\/05\/D_NOE20220510023-1536x1022.jpg 1536w, https:\/\/ungarnheute.hu\/wp-content\/uploads\/2022\/05\/D_NOE20220510023-2048x1363.jpg 2048w\"><\/p>\n\n\n\n<p class=\"has-medium-font-size\"><strong>Katalin Nov\u00e1k, die am heutigen Dienstag ihr Amt als n\u00e4chste ungarische Staatspr\u00e4sidentin antritt, hat ihren Stab vorgestellt und dessen Mitglieder als \u201ehervorragende Experten\u201c bezeichnet. Die Einweihungszeremonie der neuen Staatspr\u00e4sidentin wird am 14. Mai stattfinden.<\/strong><\/p>\n\n\n\n<p class=\"has-medium-font-size\">Katalin Nov\u00e1k&nbsp;<a href=\"https:\/\/www.facebook.com\/photo\/?fbid=553656286121958&amp;set=a.436395471181374\" target=\"_blank\" rel=\"noreferrer noopener\">postete<\/a>&nbsp;ein Bild auf Facebook mit dem scheidenden Staatspr\u00e4sidenten J\u00e1nos \u00c1der und schrieb:<\/p>\n\n\n\n<blockquote class=\"wp-block-quote is-layout-flow wp-block-quote-is-layout-flow\"><p><strong>Heute Morgen habe ich die Schl\u00fcssel zum S\u00e1ndor-Palast von J\u00e1nos \u00c1der \u00fcbernommen. Jeder Ungar kann auf mich z\u00e4hlen und ich z\u00e4hle auf jeden Ungarn.<\/strong><\/p><\/blockquote>\n\n\n\n\n\n<p class=\"has-medium-font-size\">Was ihr Stab betrifft,&nbsp;wird Tam\u00e1s Schanda, ehemaliger parlamentarischer und strategischer Staatssekret\u00e4r des Ministeriums f\u00fcr Innovation und Technologie und ehemaliger stellvertretender Minister, das&nbsp;<strong>Kabinett<\/strong>&nbsp;leiten, w\u00e4hrend Gergely Ekler die&nbsp;<strong>Leitung des Amtes<\/strong>&nbsp;\u00fcbernehmen wird.<\/p>\n\n\n\n<p class=\"has-medium-font-size\">Den Angaben zufolge wird Nov\u00e1k in&nbsp;<strong>diplomatischen Angelegenheiten<\/strong>&nbsp;von Botschafter Krist\u00f3f Altusz in Kopenhagen und von Botschafter Istv\u00e1n Manno in Dublin unterst\u00fctzt werden. T\u00fcnde Volf-Nagy, eine ehemalige Reporterin des \u00f6ffentlich-rechtlichen Fernsehens, wird f\u00fcr die&nbsp;<strong>Kommunikation<\/strong>&nbsp;zust\u00e4ndig sein.Der ungarische Staatspr\u00e4sident hat eine weitgehend zeremonielle Funktion. Nach dem Grundgesetz dr\u00fcckt der Pr\u00e4sident die Einheit der Nation aus, sch\u00fctzt die demokratischen Funktionen des Staates und ist Oberbefehlshaber der ungarischen Streitkr\u00e4fte. Das Staatsoberhaupt wird vom Parlament f\u00fcr f\u00fcnf Jahre gew\u00e4hlt und darf nicht mehr als zwei Amtszeiten absolvieren.&nbsp;<\/p>\n\n\n\n<p class=\"has-medium-font-size\">Auf ihrer Facebook-Seite schrieb Nov\u00e1k, dass sie ihr Amt zwar am Dienstag antreten wird, die&nbsp;<strong>Einweihungszeremonie<\/strong>&nbsp;jedoch am 14. Mai stattfinden wird. Sie beginnt mit einem \u00f6kumenischen Gottesdienst in der reformierten Kirche am K\u00e1lvin-Platz, wird auf dem Kossuth-Platz fortgesetzt und \u00f6ffnet am Nachmittag die T\u00fcren des S\u00e1ndor-Palasts. Der Einladung zufolge wird bei der Zeremonie auf dem Kossuth-Platz nach der Rede der Staatspr\u00e4sidentin ein Kulturprogramm stattfinden.Related article<a href=\"https:\/\/ungarnheute.hu\/news\/wer-ist-katalin-novak-die-erste-weibliche-und-juengste-ungarische-staatspraesidentin-aller-zeiten-59698\/\" target=\"_blank\" rel=\"noreferrer noopener\">Wer ist Katalin Nov\u00e1k, die erste weibliche und j\u00fcngste ungarische Staatspr\u00e4sidentin aller Zeiten?<\/a><img decoding=\"async\" src=\"https:\/\/ungarnheute.hu\/wp-content\/uploads\/2022\/03\/252297669_437398671081054_8186000733859682390_n.jpg\" alt=\"Wer ist Katalin Nov\u00e1k, die erste weibliche und j\u00fcngste ungarische Staatspr\u00e4sidentin aller Zeiten?\"><\/p>\n\n\n\n<p class=\"has-medium-font-size\">Die ehemalige Fidesz-Vizepr\u00e4sidentin und Familienministerin Katalin Nov\u00e1k wurde mit Zwei-Drittel-Mehrheit als Ungarns n\u00e4chste Staatspr\u00e4sidentin gew\u00e4hlt. Sie hat drei Kinder, spricht 4 Sprachen und ist im Sport auch engagiert.&nbsp;<a href=\"https:\/\/ungarnheute.hu\/news\/wer-ist-katalin-novak-die-erste-weibliche-und-juengste-ungarische-staatspraesidentin-aller-zeiten-59698\/\" target=\"_blank\" rel=\"noreferrer noopener\">Weiterlesen<\/a><\/p>\n\n\n\n<p class=\"has-medium-font-size\">F\u00fcr die Organisation und Sicherheit der Veranstaltung ist ein eigener operativer Stab zust\u00e4ndig, die von Antal Rog\u00e1n eingerichtet und geleitet werden. Die Entscheidung Viktor Orb\u00e1ns, die Zeremonie zu einer Priorit\u00e4t zu machen, wurde in der j\u00fcngsten ungarischen Gazette (Magyar K\u00f6zl\u00f6ny) ver\u00f6ffentlicht.<\/p>\n","protected":false},"excerpt":{"rendered":"\n<p>EINWEIHUNGSZEREMONIE&nbsp;KATALIN NOV\u00c1K&nbsp;STAB&nbsp;<\/p>\n<p> \u201eJeder Ungar kann auf mich z\u00e4hlen\u201c \u2013 Katalin Nov\u00e1k hat ihr Amt als Staatspr\u00e4sidentin angetreten <\/p>\n<p>Ungarn Heute&nbsp;2022.05.10.&nbsp;Drucken ohne FotoDrucken mit Foto<\/p>\n<p class=\"has-medium-font-size\">Katalin Nov\u00e1k, die am heutigen Dienstag ihr Amt als n\u00e4chste ungarische Staatspr\u00e4sidentin antritt, hat ihren Stab vorgestellt und dessen Mitglieder als \u201ehervorragende Experten\u201c bezeichnet. Die Einweihungszeremonie der neuen Staatspr\u00e4sidentin wird [&#8230;]<\/p>\n","protected":false},"author":1,"featured_media":0,"comment_status":"closed","ping_status":"open","sticky":false,"template":"","format":"standard","meta":{"ngg_post_thumbnail":0,"footnotes":""},"categories":[1],"tags":[28],"class_list":["post-1353","post","type-post","status-publish","format-standard","hentry","category-uncategorized","tag-ungarn","odd"],"_links":{"self":[{"href":"http:\/\/derstrausberger.de\/index.php?rest_route=\/wp\/v2\/posts\/1353","targetHints":{"allow":["GET"]}}],"collection":[{"href":"http:\/\/derstrausberger.de\/index.php?rest_route=\/wp\/v2\/posts"}],"about":[{"href":"http:\/\/derstrausberger.de\/index.php?rest_route=\/wp\/v2\/types\/post"}],"author":[{"embeddable":true,"href":"http:\/\/derstrausberger.de\/index.php?rest_route=\/wp\/v2\/users\/1"}],"replies":[{"embeddable":true,"href":"http:\/\/derstrausberger.de\/index.php?rest_route=%2Fwp%2Fv2%2Fcomments&post=1353"}],"version-history":[{"count":2,"href":"http:\/\/derstrausberger.de\/index.php?rest_route=\/wp\/v2\/posts\/1353\/revisions"}],"predecessor-version":[{"id":1355,"href":"http:\/\/derstrausberger.de\/index.php?rest_route=\/wp\/v2\/posts\/1353\/revisions\/1355"}],"wp:attachment":[{"href":"http:\/\/derstrausberger.de\/index.php?rest_route=%2Fwp%2Fv2%2Fmedia&parent=1353"}],"wp:term":[{"taxonomy":"category","embeddable":true,"href":"http:\/\/derstrausberger.de\/index.php?rest_route=%2Fwp%2Fv2%2Fcategories&post=1353"},{"taxonomy":"post_tag","embeddable":true,"href":"http:\/\/derstrausberger.de\/index.php?rest_route=%2Fwp%2Fv2%2Ftags&post=1353"}],"curies":[{"name":"wp","href":"https:\/\/api.w.org\/{rel}","templated":true}]}}