{"id":1374,"date":"2022-12-13T18:23:50","date_gmt":"2022-12-13T17:23:50","guid":{"rendered":"http:\/\/derstrausberger.de\/?p=1374"},"modified":"2023-03-04T10:18:41","modified_gmt":"2023-03-04T09:18:41","slug":"mal-aktuell-etwas-heute-aus-der-presse-gefunden-bei-focus-online","status":"publish","type":"post","link":"http:\/\/derstrausberger.de\/?p=1374","title":{"rendered":"Aktuell heute aus dem Netz&#8230;Mitte Dezember 2022"},"content":{"rendered":"\n<p class=\"has-luminous-vivid-orange-color has-text-color\" style=\"font-size:28px\">Gastbeitrag von Gabor Steingart                                     <\/p>\n\n\n\n<p class=\"has-black-color has-text-color\" style=\"font-size:28px\"><strong>Das riskante Spiel der Klimahochstapler<\/strong><a rel=\"noreferrer noopener\" href=\";\" target=\"_blank\"><\/a><\/p>\n\n\n\n<p><img loading=\"lazy\" decoding=\"async\" src=\"https:\/\/p6.focus.de\/img\/fotos\/id_180448021\/imago0196256989h.jpg?im=Resize%3D%28630%2C419%29&amp;impolicy=perceptual&amp;quality=medium&amp;hash=b618a284e3349841765d10abd61a19e82ef5b684f3abce267677861ed95202ba\" alt=\"Dorf Auenheim beim Braunkohle Kraftwerk, RWE Power AG Kraftwerk Niederau\u00dfem, bei Bergheim, NRW, NRW, Deutschland, Braunk\" width=\"630\" height=\"419\">IMAGO\/Jochen TackBraunkohle-Realit\u00e4t in Deutschland<\/p>\n\n\n\n<ul class=\"wp-block-list\"><li>Gastautor&nbsp;<a href=\"https:\/\/www.focus.de\/intern\/impressum\/autoren\/gabor-steingart_id_7638830.html\">Gabor Steingart<\/a><\/li><\/ul>\n\n\n\n<p><a href=\"https:\/\/www.focus.de\/archiv\/finanzen\/13-12-2022\/\">Dienstag, 13.12.2022, 09:56<\/a><\/p>\n\n\n\n<p style=\"font-size:23px\">Die Klimadebatte wird dominiert von zwei Spezies. Da sind zum einen die Klimaleugner, die rundweg bestreiten, dass es eine durch den Menschen verursachte Erderw\u00e4rmung gibt. Aber die gute Nachricht ist: Diese Spezies ist vom Aussterben bedroht. Ruhig zur\u00fccklehnen geht trotzdem nicht.<\/p>\n\n\n\n<p style=\"font-size:23px\">ThePioneerhttps:\/\/cdn.pear.focus.de\/clients\/public\/generated\/deal_23.html<\/p>\n\n\n\n<p style=\"font-size:23px\">Denn relevanter ist ein zweiter Menschenschlag, weil dieser eine weit h\u00f6here politische Reichweite erzielt und den \u00f6ffentlichen Diskurs dominiert. Nennen wir diese Spezies ruhig die Klimahochstapler, denn es handelt sich um jene Menschen, Unternehmen und Parteien, die scheinbar ehrgeizige, aber in Wahrheit irreale CO\u2082-Reduktionsziele verk\u00fcnden.<img loading=\"lazy\" decoding=\"async\" width=\"630\" height=\"803\" src=\"https:\/\/p6.focus.de\/img\/fotos\/id_180447936\/steingart2.jpg?im=Resize%3D%28630%2C803%29&amp;impolicy=perceptual&amp;quality=medium&amp;hash=61129bda54cff9eafc1bfa7be47102154dadbd8c3dc194af6f7a7feb6a30fe1b\">The Pioneer<\/p>\n\n\n\n<p style=\"font-size:23px\">Sie f\u00fchren die Welt hinter die Fichte. Und sie tun das in doppelter Absicht:   https:\/\/www.focus.de\/finanzen\/news\/undefined<\/p>\n\n\n\n<p style=\"font-size:23px\">1. Sie wollen Tatkraft vort\u00e4uschen. Ihr Heiligenschein schimmert nicht wie in der Marienverehrung g\u00fclden, sondern gr\u00fcn.<\/p>\n\n\n\n<p style=\"font-size:23px\">2. Sie hoffen, mit ihrer zur Schau gestellten Ambition bei den J\u00fcngeren emotional, bei den Aktion\u00e4ren materiell und bei den W\u00e4hlern politisch punkten zu k\u00f6nnen.<\/p>\n\n\n\n<h2 class=\"wp-block-heading\">Irreales Klima-Versprechen von heute produziert Entt\u00e4uschte von morgen<\/h2>\n\n\n\n<p style=\"font-size:23px\">Warum ist das relevant? Weil diese Menschen, Unternehmen und Parteien wie Revolution\u00e4re klingen, aber in Wahrheit Hochstapler sind. Der Tag, an dem der Schwindel auffliegt, liegt in aller Regel au\u00dferhalb ihrer Wahlperiode oder ihrer Amtszeit als Vorstandschef.<\/p>\n\n\n\n<p style=\"font-size:23px\">Das Ganze ist auch riskant: Denn das irreale Versprechen von heute produziert die Entt\u00e4uschung von morgen. Hier wird mit den idealistischen Idealen der Jugend gespielt. So z\u00fcchtet man Aktivisten \u2013 und im schlimmsten Fall sogar Klimaterroristen.<\/p>\n\n\n\n<p style=\"font-size:23px\">Beispiel USA:<\/p>\n\n\n\n<p style=\"font-size:23px\">Microsoft hat versprochen, den CO\u2082-Aussto\u00df bis 2030 auf null zu fahren. Bis 2050 will das Unternehmen sogar alle CO\u2082-Schadstoffe aus der Atmosph\u00e4re entfernt haben, die es seit 1975 emittiert hat. Donnerwetter, denkt man. Wenn das mal nicht vision\u00e4r klingt. So funktioniert Klimamarketing.<\/p>\n\n\n\n<p style=\"font-size:23px\">Auch Amazon hat das Versprechen abgegeben, bis 2040 den Aussto\u00df des Unternehmens von der Serverfarm bis zur weltweiten Transporter-Flotte auf null zu fahren. Ein pr\u00e4ziser Plan wurde nie vorgestellt.<\/p>\n\n\n\n<p style=\"font-size:23px\">Stattdessen schafft man neue Dieselfahrzeuge f\u00fcr die Flotte der Amazon-Paketfahrer an. Der US-Chef von Greenpeace Special Projects, Rolf Sklar, sagte gegen\u00fcber dem Newsportal Axios: \u201eEs stellen sich ernsthafte Fragen zur Seriosit\u00e4t solcher Versprechen.\u201c<\/p>\n\n\n\n<h2 class=\"wp-block-heading\">F\u00fcr die Elektro-Wende braucht es zus\u00e4tzliche Lithium-Bergwerke<\/h2>\n\n\n\n<p style=\"font-size:23px\">Die Wahrheit ist: Schon das Zero-CO\u2082-Versprechen von Microsoft und allen anderen Big Tech Unternehmen des Silicon Valley ist nur mit einer massiven Ausweitung der Batterieherstellung zu schaffen. Diese Ausweitung erfordert nach Berechnungen der internationalen Energieagentur die Er\u00f6ffnung von rund 50 zus\u00e4tzlichen Lithium Bergwerken auf der Welt. Die Weltbank warnt \u2013 falls das jemals geschehen sollte \u2013 vor einer gef\u00e4hrlichen R\u00fcckkopplung.<img loading=\"lazy\" decoding=\"async\" width=\"630\" height=\"776\" src=\"https:\/\/p6.focus.de\/img\/fotos\/id_180447950\/steingart3.jpg?im=Resize%3D%28630%2C776%29&amp;impolicy=perceptual&amp;quality=medium&amp;hash=67d482996f6c2bf77c0881997385aa2c38b61d002fd4a164890d4c8d658edc5d\">The Pioneer<\/p>\n\n\n\n<p style=\"font-size:23px\">Denn eine solche Expansion der Bergwerke sei nur denkbar durch die massive Sch\u00e4digung von Mensch und Umwelt, die in den Abbauregionen leben.<\/p>\n\n\n\n<p style=\"font-size:23px\">Beispiel Europa:<\/p>\n\n\n\n<p style=\"font-size:23px\">Das Verbrenner-Verbot&nbsp;<a href=\"https:\/\/www.focus.de\/orte\/europa\/\">in Europa<\/a>&nbsp;ab 2035 \u00e4ndert nichts daran, dass in weiten Teilen der Welt, \u00fcberall da, wo das Geld nicht so locker sitzt, der Verbrennermotor noch den Rest dieses Jahrhunderts dominieren wird.<\/p>\n\n\n\n<h2 class=\"wp-block-heading\">Alternative Kraftstoffe jetzt statt Elektrifizierung aller Fahrzeuge<\/h2>\n\n\n\n<p style=\"font-size:23px\">Alternative Kraftstoffe k\u00f6nnten einen schnelleren Ausweg bieten als die Elektrifizierung aller Fahrzeuge weltweit. Mit ihrer Hilfe k\u00f6nnte man den weltweiten Fuhrpark von circa 1,4 Milliarden Altautos mit Verbrennungsmotor CO\u2082-frei bekommen. Besonders f\u00fcr die Entwicklungs- und Schwellenl\u00e4nder, wo Hunderte Millionen Autos mit uralten Motoren das Klima in besonderer Weise belasten, schl\u00e4gt der ehemalige Aufsichtsratschef des Gaseherstellers Linde, Wolfgang Reitzle, diesen Weg vor. Aber niemand beschreitet ihn. Reitzle ahnt warum: \u201eGanz offensichtlich hat die Politik den Verbrennungsmotor zum Staats- und Klimafeind erkl\u00e4rt.\u201c<\/p>\n\n\n\n<p style=\"font-size:23px\">Beispiel Afrika:<\/p>\n\n\n\n<p style=\"font-size:23px\">Die europ\u00e4ische Politik ignoriert die Entwicklung ihres s\u00fcdlichen Nachbarkontinents. Der n\u00e4mlich schickt sich an, in das Zeitalter der fossilen Energie jetzt erst kraftvoll einzutreten. Nachholende Industrialisierung nennen die Soziologen das.<\/p>\n\n\n\n<p style=\"font-size:23px\">600 Millionen Afrikaner haben derzeit keinen Zugang zu elektrischem Strom. Sie wollen ihn haben. Und sie werden ihn bekommen. Dieser afrikanische Strom wird zu einem betr\u00e4chtlichen Teil aus chinesischen Kohlekraftwerken stammen, die&nbsp;<a href=\"https:\/\/www.focus.de\/orte\/china\/\">China<\/a>&nbsp;derzeit mit hohem Tempo in Afrika installiert.<\/p>\n\n\n\n<h2 class=\"wp-block-heading\">Afrika als Ersatzmarkt f\u00fcr fossile Gro\u00dfm\u00e4chte<\/h2>\n\n\n\n<p style=\"font-size:23px\">Denn Afrika ist f\u00fcr alle fossilen Gro\u00dfm\u00e4chte dieser Erde der Ersatzmarkt, wenn die westlichen Industriestaaten tats\u00e4chlich aus Kohle und Gas aussteigen sollten. Professor Hans-Werner Sinn schreibt: Bedrohen wir die bisherigen Produzenten mit radikalen Ausstiegsszenarien, die ihre Gesch\u00e4fte kaputt machen, kommen die der Bedrohung zuvor und f\u00f6rdern nur noch schneller. Und sie schlie\u00dfen jene Regionen an ihre schmutzigen Rohstoffe an, die bisher noch unterversorgt waren. Das nennt er \u201edas gr\u00fcne Paradoxon\u201c.<\/p>\n\n\n\n<p style=\"font-size:23px\">Beispiel Deutschland:<\/p>\n\n\n\n<p style=\"font-size:23px\">Die Ausbeute von Wind- und Solarenergie ist im Winter minimal und kann angesichts fehlender Speichertechnologien \u2013 die bisher nur von der Nacht bis in den Tag speichern, aber nicht vom Sommer bis in den Winter \u2013 niemals den Weg zum Benutzer finden. Hinzu kommen die fehlenden \u00dcberlandleitungen, die die Windernte vom Norden in den S\u00fcden und vom Westen in den Osten transportieren m\u00fcssten.<\/p>\n\n\n\n<h2 class=\"wp-block-heading\">Es fehlt an Stromleitungen in Deutschland<\/h2>\n\n\n\n<p style=\"font-size:23px\">Laut Bundesnetzagentur sollten mehr als 12.000 Kilometer neue Leitungen gebaut werden. Davon sind allerdings bislang nur rund 2.100 Kilometer fertig. 9000 Kilometer befinden sich im Genehmigungsverfahren \u2013 oder kurz davor.<\/p>\n\n\n\n<p style=\"font-size:23px\">Wer wei\u00df, welche Ger\u00e4te zuhause wie viel Strom verbrauchen, kann gezielt sparen. Unser E-Paper zeigt f\u00fcr alle g\u00e4ngigen Haushaltsger\u00e4te vom Backofen und Herd \u00fcber K\u00fchlschrank und Waschmaschine bis TV-Ger\u00e4t und WLAN-Router, welche Ger\u00e4te wie viel Strom verbrauchen. Au\u00dferdem gibt es eine Reihe Sofort-Strom-Spar-Tipps.<a href=\"https:\/\/pdf.focus.de\/stromfresser-finden-so-gelingts.html\" target=\"_blank\" rel=\"noreferrer noopener\"><strong>PDF jetzt sichern<\/strong><\/a><\/p>\n\n\n\n<p style=\"font-size:23px\">EON-Chef Leonhard Birnbaum: \u201eEin Genehmigungsverfahren f\u00fcr eine 110 KV Leitung dauert, wenn es gut l\u00e4uft, zehn Jahre, wenn es schlecht l\u00e4uft 20.\u201c<\/p>\n\n\n\n<p style=\"font-size:23px\">So entsteht der missliche Umstand, dass Deutschland neben&nbsp;<a href=\"https:\/\/www.focus.de\/orte\/polen\/\">Polen<\/a>&nbsp;die dreckigste Energieerzeugung Europas betreibt und f\u00fcr das \u00dcberleben seiner Industrie auf Atomenergie aus Frankreich und Fl\u00fcssiggas&nbsp;<a href=\"https:\/\/www.focus.de\/orte\/katar\/\">aus Katar<\/a>&nbsp;und den USA angewiesen ist \u2013 und bleibt.<img loading=\"lazy\" decoding=\"async\" width=\"630\" height=\"1074\" src=\"https:\/\/p6.focus.de\/img\/fotos\/id_180447949\/steingart4.jpg?im=Resize%3D%28630%2C1074%29&amp;impolicy=perceptual&amp;quality=medium&amp;hash=c6829bfa5be17c33d916713e0b1dc35bc394eab39e2d3041657fd71367d03a7d\">The Pioneer<\/p>\n\n\n\n<p style=\"font-size:23px\">Das 80-Prozent-Ziel der Erneuerbaren bis 2030 und das 100 Prozent Ziel bis 2050 sind zum jetzigen und auch zum absehbaren Stand der Technik illusorisch. Und zwar selbst bei massiver Steigerung der Inbetriebnahme von Photovoltaik- und Windkraftanlagen, wie sie die Ampelkoalition proklamiert.<img loading=\"lazy\" decoding=\"async\" width=\"630\" height=\"843\" src=\"https:\/\/p6.focus.de\/img\/fotos\/id_180447952\/steingart5.jpg?im=Resize%3D%28630%2C843%29&amp;impolicy=perceptual&amp;quality=medium&amp;hash=9e55771248388a7c7ccac0ffab1620e9d13d7462fd1e91f263ef3e42d9a90304\">The Pioneer<\/p>\n\n\n\n<h2 class=\"wp-block-heading\">In Deutschland weht zu wenig Wind<\/h2>\n\n\n\n<p style=\"font-size:23px\">Der Grund ist so simpel, dass man sich scheut, ihn zu benennen: In Deutschland weht zu wenig Wind und scheint die Sonne zu selten. Die sogenannte Dunkelflaute, das Verschwinden der Sonne und das Nachlassen des Windes, kennzeichnet die Situation der erneuerbaren Energien in Deutschland.<img loading=\"lazy\" decoding=\"async\" width=\"630\" height=\"837\" src=\"https:\/\/p6.focus.de\/img\/fotos\/id_180447958\/steingart6.jpg?im=Resize%3D%28630%2C837%29&amp;impolicy=perceptual&amp;quality=medium&amp;hash=01bc6ccaa9f04e5a072ac3d68d529623ae3787046f2c84c69d9b06dd0c97245d\">The Pioneer<img loading=\"lazy\" decoding=\"async\" width=\"630\" height=\"1184\" src=\"https:\/\/p6.focus.de\/img\/fotos\/id_180447959\/steingart7.jpg?im=Resize%3D%28630%2C1184%29&amp;impolicy=perceptual&amp;quality=medium&amp;hash=f0a2720e89f27987a822c5f3de68e17441875fe4ab377e11f767ccf9851bc992\">The Pioneer<\/p>\n\n\n\n<p style=\"font-size:23px\">Ein Blick auf die Stromerzeugung der letzten Tage zeigt, dass Sonne und Wind im Winter trotz heute schon deutlich h\u00f6herer Kapazit\u00e4ten keinen nennenswerten Beitrag leisten k\u00f6nnen. Die Dunkelflaute ist nicht nur ein Wort. Sie ist unsere t\u00e4gliche Realit\u00e4t.<\/p>\n\n\n\n<p style=\"font-size:23px\">Fazit: Irreale Reduktionsziele der Firmen und politische Heilsversprechen der Politik funktionieren, wie bei einer Religion, als Opium f\u00fcr das Volk. Sie l\u00f6sen das Problem nicht. Aber sie d\u00e4mpfen die Emp\u00f6rung.<\/p>\n\n\n\n<h2 class=\"wp-block-heading\">Klimarealisten finden kaum Geh\u00f6r<\/h2>\n\n\n\n<p style=\"font-size:23px\">Die Medien \u2013&nbsp;<a href=\"https:\/\/www.focus.de\/thema\/liebe\/\">verliebt<\/a>&nbsp;in gro\u00dfe Versprechen und fette \u00dcberschriften \u2013 spielen diese taktischen Spielchen mit, der Klimawandel nicht. So kommt es, dass die wichtigsten Spezies f\u00fcr eine funktionierende Transformation, die Klimarealisten, in der \u00f6ffentlichen Debatte kaum Geh\u00f6r finden.<\/p>\n\n\n\n<p style=\"font-size:23px\">Die unbequeme Wahrheit, dass Deutschland niemals deutlich mehr als 50 Prozent aus erneuerbaren Energien bestreiten wird und f\u00fcr die \u00fcbrigen 50 Prozent auf grundlastf\u00e4hige Energien, also moderne Gaskraftwerke und Atomenergie angewiesen bleibt, will kein Regierungsmitglied und kein aktiver Vorstandschef aussprechen. Die Ziele der Koalition als illusorisch zu bezeichnen, gilt als politisch unkorrekt.<\/p>\n\n\n\n<p style=\"font-size:23px\">Als Christian Lindner die Klimarealisten einst mit der Bemerkung, Klimaschutz sei etwas f\u00fcr Profis, in die Debatte einf\u00fchren wollte, gab\u2019s keinen Applaus, sondern Buhrufe. Die Hochstapler m\u00f6gen die Profis nicht, weil die ihr Gesch\u00e4ftsmodell zerst\u00f6ren k\u00f6nnten. Die Unwahrheit skaliert besser. Oder um es mit Mark Twain zu sagen: \u201eEine L\u00fcge ist bereits dreimal um die Erde gelaufen, bevor sich die Wahrheit die Schuhe anzieht.\u201c<\/p>\n\n\n\n<h2 class=\"wp-block-heading\">Zur Person<\/h2>\n\n\n\n<p><em>Gabor Steingart z\u00e4hlt zu den bekanntesten Journalisten des Landes. Er gibt den Newsletter \u201eThe Pioneer Briefing\u201c heraus.&nbsp;Der gleichnamige Podcast ist Deutschlands f\u00fchrender Daily Podcast f\u00fcr Politik und Wirtschaft.&nbsp;Seit Mai 2020 arbeitet Steingart mit seiner Redaktion auf dem Schiff &#8220;The Pioneer&nbsp;One&#8221;. Vor der Gr\u00fcndung von Media Pioneer war Steingart unter anderem Vorsitzender der Gesch\u00e4ftsf\u00fchrung der Handelsblatt Media Group.&nbsp;<strong>Seinen kostenlosen Newsletter k\u00f6nnen Sie&nbsp;<a href=\"https:\/\/www.thepioneer.de\/originals\/thepioneer-briefing-economy-edition\/folgen?reason=register&amp;reduced=true\" rel=\"noreferrer noopener\" target=\"_blank\">hier abonnieren<\/a>.<\/strong><\/em><\/p>\n","protected":false},"excerpt":{"rendered":"\n<p class=\"has-luminous-vivid-orange-color has-text-color\" style=\"font-size:28px\">Gastbeitrag von Gabor Steingart <\/p>\n<p class=\"has-black-color has-text-color\" style=\"font-size:28px\">Das riskante Spiel der Klimahochstapler<\/p>\n<p>IMAGO\/Jochen TackBraunkohle-Realit\u00e4t in Deutschland<\/p>\n<p> Gastautor&nbsp;Gabor Steingart <\/p>\n<p>Dienstag, 13.12.2022, 09:56<\/p>\n<p style=\"font-size:23px\">Die Klimadebatte wird dominiert von zwei Spezies. Da sind zum einen die Klimaleugner, die rundweg bestreiten, dass es eine durch den Menschen verursachte Erderw\u00e4rmung gibt. Aber die gute [&#8230;]<\/p>\n","protected":false},"author":1,"featured_media":0,"comment_status":"closed","ping_status":"open","sticky":false,"template":"","format":"standard","meta":{"ngg_post_thumbnail":0,"footnotes":""},"categories":[1],"tags":[],"class_list":["post-1374","post","type-post","status-publish","format-standard","hentry","category-uncategorized","odd"],"_links":{"self":[{"href":"http:\/\/derstrausberger.de\/index.php?rest_route=\/wp\/v2\/posts\/1374","targetHints":{"allow":["GET"]}}],"collection":[{"href":"http:\/\/derstrausberger.de\/index.php?rest_route=\/wp\/v2\/posts"}],"about":[{"href":"http:\/\/derstrausberger.de\/index.php?rest_route=\/wp\/v2\/types\/post"}],"author":[{"embeddable":true,"href":"http:\/\/derstrausberger.de\/index.php?rest_route=\/wp\/v2\/users\/1"}],"replies":[{"embeddable":true,"href":"http:\/\/derstrausberger.de\/index.php?rest_route=%2Fwp%2Fv2%2Fcomments&post=1374"}],"version-history":[{"count":10,"href":"http:\/\/derstrausberger.de\/index.php?rest_route=\/wp\/v2\/posts\/1374\/revisions"}],"predecessor-version":[{"id":1425,"href":"http:\/\/derstrausberger.de\/index.php?rest_route=\/wp\/v2\/posts\/1374\/revisions\/1425"}],"wp:attachment":[{"href":"http:\/\/derstrausberger.de\/index.php?rest_route=%2Fwp%2Fv2%2Fmedia&parent=1374"}],"wp:term":[{"taxonomy":"category","embeddable":true,"href":"http:\/\/derstrausberger.de\/index.php?rest_route=%2Fwp%2Fv2%2Fcategories&post=1374"},{"taxonomy":"post_tag","embeddable":true,"href":"http:\/\/derstrausberger.de\/index.php?rest_route=%2Fwp%2Fv2%2Ftags&post=1374"}],"curies":[{"name":"wp","href":"https:\/\/api.w.org\/{rel}","templated":true}]}}