{"id":290,"date":"2019-05-14T20:09:10","date_gmt":"2019-05-14T18:09:10","guid":{"rendered":"http:\/\/derstrausberger.de\/?p=290"},"modified":"2019-05-21T00:36:10","modified_gmt":"2019-05-20T22:36:10","slug":"das-wasser","status":"publish","type":"post","link":"http:\/\/derstrausberger.de\/?p=290","title":{"rendered":"Das Wasser&#8230;"},"content":{"rendered":"\n<p class=\"has-medium-font-size\">Nach Wasser und fehlendem Regen jetzt die Abwasserdiskussion<\/p>\n\n\n\n<p class=\"has-medium-font-size\">Vielleicht w\u00e4re es sinnvoll sich zu dieser Sache mit der Situation 1989\/1990\/1991 vertraut zu machen. Bereits in den 80iger Jahren hatte damaliger Kreis und Bezirk angesichts der schon zu dieser Zeit zu kleinen Kl\u00e4ranlage in der Hennickendorfer Chaussee\/Torfhaus verf\u00fcgt, dass in den Langen Damm Wiesen Stapelbecken errichtet werden, Erdw\u00e4lle ohne Abdichtung nach unten wurden aufgeschoben und die Abw\u00e4sser der Kl\u00e4ranlage wurden dort hineingepumpt. Oft brachen die Erdw\u00e4lle und die Inhalte der Stapelbecken in die Wiesen liefen und in der Folge der Stienitzsee verunreinigte und dieser zeitweise kippte.<br>Parallel wurden Investitionen f\u00fcr eine Zweirohrige Druckleitung zum bereits bestehenden Kl\u00e4rwerk M\u00fcnchehofe begonnen, doch die Ma\u00dfnahme endete mit der Wende als kein Geld der Staatsbank mehr f\u00fcr das begonnene Vorhaben vorhanden war.<br>Anderseits wollte Strausberg schon 1990 zust\u00e4ndigerweise, WSE war noch nicht gegr\u00fcndet, seine in der Stadt anfallenden Abw\u00e4sser selbst kl\u00e4ren mit einer eigenen Kl\u00e4ranlage. Der Standort sollte s\u00fcdlich zwischen Zinndorf und Lichtenow sein mit Vorflut Spree ( Arbeitstitel in der Verwaltung Abwasser S\u00fcd-Ost ) mit Finanzierungsunterst\u00fctzung der Weltbank. Mit Beschluss der SVV b\u00fcrgte Strausberg mit 1 Mio.DM f\u00fcr die Vorbereitung. Das Vorhaben scheiterte daran, dass in F\u00fcrstenwalde die Kl\u00e4ranlage bereits die Spree nutzte gleichwohl wie schon M\u00fcnchehofe und unsere B\u00fcrgschaft endete.<\/p>\n\n\n\n<p class=\"has-medium-font-size\">Zu dieser Zeit ereigneten sich nach der Wende eine ganze Vielzahl an Problematiken sowohl bei uns als auch in allen Nachbargemeinden, die letztlich zur von uns betriebenen Gr\u00fcndung des WSE f\u00fchrten, noch nach &#8220;Reichszweckverbandsgesetz 1939&#8221;, ein anderes ad\u00e4quates Gesetz gab es zu diesem Zeitpunkt noch nicht.<br>Daraus entstand die L\u00f6sung der Abw\u00e4sser mit den am Strang liegenden Nachbargemeinden. Das ist eine weitergehende Betrachtung wert, ebenso die in Strausberg-Stadt durch die Stadt selbst mit einer geh\u00f6rigen Investitionssumme gebauten umf\u00e4nglichen Anlagen der Regenr\u00fcckhaltung &#8211; wenn denn Regen f\u00e4llt.<\/p>\n\n\n\n<p class=\"has-medium-font-size\">Derzeitige Aufrufe, Petitionen in verschiedenen Netzformaten die betriebsnotwendige \u00dcberholung und Erweiterung der Kl\u00e4ranlage in M\u00fcnchehofe zu verhindern, gehen an der gesetzlichen Notwendigkeit vorbei. Der seit vielen Jahren ungebrochene Einwohnerzuwachs im Wasserverbandsgebiet (WSE) ist eine objektive Tatsache. Ein Mehr an Einwohner, auch gut f\u00fcr die Gemeindekassen, ben\u00f6tigt auch die entsprechende Versorgung mit Wasser und die entsprechende Entsorgung des Abwassers aller Einwohner, das verlangt die Daseinsf\u00fcrsorge welcher wir alle mit verpflichtet sind. Die Idee, die B\u00fcrgermeister der Mitgliedsgemeinden eine Petition unterschreiben zu lassen, diese Kl\u00e4rwerk-Investition zu unterlassen und einer ggf. zuk\u00fcnftigen Vertragsdauer mit den Berliner Wasserbetrieben von 25 Jahren nicht zuzustimmen, geht meiner Auffassung nach ins Leere.                                 <\/p>\n\n\n\n<p class=\"has-medium-font-size\">Unabh\u00e4ngig davon&#8230;die Kl\u00e4ranlage geh\u00f6rt nicht dem WSE, wir als WSE-Mitglied sind mit allen anderen Gemeinden des WSE lediglich vertragliche Einleitungskunden bei den Berliner Wasserbetrieben, wohin sonst mit der Jauche?<\/p>\n\n\n\n<p class=\"has-medium-font-size\">Zitat aus MOZ vom 09.05.2019 von H. Haferkorn &#8211; Zitatanfang&#8221; <em>Der Zustand der Wasserfassung sowie der Grundwasserk\u00f6rper werde stetig vom WSE und der zust\u00e4ndigen \u00dcberwachungsbeh\u00f6rde, dem LfU, \u00fcberpr\u00fcft. &#8220;Der Anstieg der Kapazit\u00e4tsauslastung ist korrekt und mit der Inbetriebnahme des Wasserwerkes Spitzm\u00fchle 2014 auch so gewollt&#8221;, sagt Haferkorn. Das Werk sei gebaut worden, um den gestiegenen Trinkwasserbedarf abdecken zu k\u00f6nnen. Seit Verbandsgr\u00fcndung 1991 sei die Zahl der zu versorgenden Einwohner von 113\u2005000 auf 166\u2005000 gestiegen.<\/em>&#8221; Zitatende          <\/p>\n\n\n\n<p style=\"font-size:24px\"><strong>Hier ist von der Wasserfassung B\u00f6tzsee die Rede!     <\/strong>                        <\/p>\n\n\n\n<p class=\"has-medium-font-size\">Stellungnahme Landesamt f\u00fcr Umwelt Ende April 2019:                       <\/p>\n\n\n\n<p class=\"has-medium-font-size\">Zitatanfang &#8221;                     <\/p>\n\n\n\n<div class=\"wp-block-image\"><figure class=\"aligncenter is-resized\"><img loading=\"lazy\" decoding=\"async\" src=\"http:\/\/derstrausberger.de\/wp-content\/uploads\/2019\/05\/image.png\" alt=\"\" class=\"wp-image-310\" width=\"715\" height=\"191\" srcset=\"http:\/\/derstrausberger.de\/wp-content\/uploads\/2019\/05\/image.png 953w, http:\/\/derstrausberger.de\/wp-content\/uploads\/2019\/05\/image-300x80.png 300w, http:\/\/derstrausberger.de\/wp-content\/uploads\/2019\/05\/image-768x205.png 768w, http:\/\/derstrausberger.de\/wp-content\/uploads\/2019\/05\/image-150x40.png 150w, http:\/\/derstrausberger.de\/wp-content\/uploads\/2019\/05\/image-400x107.png 400w\" sizes=\"auto, (max-width: 715px) 100vw, 715px\" \/><\/figure><\/div>\n\n\n\n<div class=\"wp-block-image\"><figure class=\"aligncenter is-resized\"><img loading=\"lazy\" decoding=\"async\" src=\"http:\/\/derstrausberger.de\/wp-content\/uploads\/2019\/05\/image-1.png\" alt=\"\" class=\"wp-image-312\" width=\"713\" height=\"137\" srcset=\"http:\/\/derstrausberger.de\/wp-content\/uploads\/2019\/05\/image-1.png 950w, http:\/\/derstrausberger.de\/wp-content\/uploads\/2019\/05\/image-1-300x57.png 300w, http:\/\/derstrausberger.de\/wp-content\/uploads\/2019\/05\/image-1-768x147.png 768w, http:\/\/derstrausberger.de\/wp-content\/uploads\/2019\/05\/image-1-150x29.png 150w, http:\/\/derstrausberger.de\/wp-content\/uploads\/2019\/05\/image-1-400x77.png 400w\" sizes=\"auto, (max-width: 713px) 100vw, 713px\" \/><\/figure><\/div>\n\n\n\n<p class=\"has-medium-font-size\">Zitatende!<\/p>\n\n\n\n<p style=\"text-align:left\" class=\"has-medium-font-size\">Damit ist das Thema der Wasserr\u00fcckgewinnung aus gekl\u00e4rtem Abwasser der Kl\u00e4ranlage nicht durchzusetzen weil keine Genehmigung erteilt wird.  <\/p>\n\n\n\n<p class=\"has-medium-font-size\">Wer will freiwillig die sich ggf. &#8220;gravierende Verschlechterung der Gew\u00e4sserqualit\u00e4t&#8221;<strong> <\/strong>als Folge von Einleitungen in den Straussee verantworten? Die Petenten etwa? Und die \u00fcbrigen Seen der Stadt?<\/p>\n\n\n\n<p>.<\/p>\n\n\n\n<p>.<\/p>\n\n\n\n<p>.<\/p>\n","protected":false},"excerpt":{"rendered":"\n<p class=\"has-medium-font-size\">Nach Wasser und fehlendem Regen jetzt die Abwasserdiskussion<\/p>\n<p class=\"has-medium-font-size\">Vielleicht w\u00e4re es sinnvoll sich zu dieser Sache mit der Situation 1989\/1990\/1991 vertraut zu machen. Bereits in den 80iger Jahren hatte damaliger Kreis und Bezirk angesichts der schon zu dieser Zeit zu kleinen Kl\u00e4ranlage in der Hennickendorfer Chaussee\/Torfhaus verf\u00fcgt, dass in den Langen Damm [&#8230;]<\/p>\n","protected":false},"author":1,"featured_media":0,"comment_status":"closed","ping_status":"open","sticky":false,"template":"","format":"standard","meta":{"ngg_post_thumbnail":0,"footnotes":""},"categories":[1],"tags":[16,15],"class_list":["post-290","post","type-post","status-publish","format-standard","hentry","category-uncategorized","tag-regen","tag-wasser","odd"],"_links":{"self":[{"href":"http:\/\/derstrausberger.de\/index.php?rest_route=\/wp\/v2\/posts\/290","targetHints":{"allow":["GET"]}}],"collection":[{"href":"http:\/\/derstrausberger.de\/index.php?rest_route=\/wp\/v2\/posts"}],"about":[{"href":"http:\/\/derstrausberger.de\/index.php?rest_route=\/wp\/v2\/types\/post"}],"author":[{"embeddable":true,"href":"http:\/\/derstrausberger.de\/index.php?rest_route=\/wp\/v2\/users\/1"}],"replies":[{"embeddable":true,"href":"http:\/\/derstrausberger.de\/index.php?rest_route=%2Fwp%2Fv2%2Fcomments&post=290"}],"version-history":[{"count":11,"href":"http:\/\/derstrausberger.de\/index.php?rest_route=\/wp\/v2\/posts\/290\/revisions"}],"predecessor-version":[{"id":342,"href":"http:\/\/derstrausberger.de\/index.php?rest_route=\/wp\/v2\/posts\/290\/revisions\/342"}],"wp:attachment":[{"href":"http:\/\/derstrausberger.de\/index.php?rest_route=%2Fwp%2Fv2%2Fmedia&parent=290"}],"wp:term":[{"taxonomy":"category","embeddable":true,"href":"http:\/\/derstrausberger.de\/index.php?rest_route=%2Fwp%2Fv2%2Fcategories&post=290"},{"taxonomy":"post_tag","embeddable":true,"href":"http:\/\/derstrausberger.de\/index.php?rest_route=%2Fwp%2Fv2%2Ftags&post=290"}],"curies":[{"name":"wp","href":"https:\/\/api.w.org\/{rel}","templated":true}]}}