{"id":347,"date":"2019-05-16T11:21:05","date_gmt":"2019-05-16T09:21:05","guid":{"rendered":"http:\/\/derstrausberger.de\/?p=347"},"modified":"2020-11-17T19:25:08","modified_gmt":"2020-11-17T18:25:08","slug":"da-war-doch-noch-etwas-ja-richtig-wahlen","status":"publish","type":"post","link":"http:\/\/derstrausberger.de\/?p=347","title":{"rendered":"Da war doch noch etwas&#8230;ja richtig Wahlen"},"content":{"rendered":"\n<p class=\"has-medium-font-size\">In den letzten Wochen und Tagen hat das Verzieren von jeglichen tragf\u00e4higen und damit nutzbaren Masten mit Plakaten zur anstehenden Wahl mit Konterfeis und Aussagen, Angeboten sowie Versprechungen zugenommen. Was es da nicht alles gibt, die sich um mein Wohl schinden wollen, mehr eventuell um das eigene Wohl.<\/p>\n\n\n\n<p class=\"has-medium-font-size\"> Mit dem Auto vorbeifahrend ist es eher eine Unsicherheit, die kleinen Texte sind nicht wahrnehmbar beim Fahren, sicherheitshalber ignoriert man das Ganze an der Hauptachse. Die Nebenstra\u00dfen hier in der Hegerm\u00fchle sind weniger bedacht, gut so, m\u00f6glicherweise ist die Anzahl der angebrachten Plakate auch eine Geldfrage. Auf meinen t\u00e4glichen Spazierg\u00e4ngen mit unseren Hunden habe ich mich an der Th\u00e4lmann-Stra\u00dfe etwas &#8220;eingelesen&#8221;. Na ja, eigentlich nichts Neues was nicht schon bundes- und landespolitisch schon auf dem Weg gebracht wurde, zumindest versprochenerma\u00dfen.                                                                                            Au\u00dfer landesweites seit mehreren Legislaturperioden w\u00e4hrendes Dauerthema Altanschlie\u00dfer, die gewesenen und der aktuelle Innenminister in Brandenburg werfen sich gegenseitig die &#8220;Schuldb\u00e4lle&#8221; zu, nix Neues.                              Nun seit einigen Monaten bei Sichtweite der Landtagswahlen von der Regierung zugesagt, das Thema der privaten Beteiligung am \u00f6ffentlichen Stra\u00dfenbau abschaffen zu wollen und  geht es bei allen um Klimaschutz &#8211; auch nicht Neues&#8230;.au\u00dfer man vergisst es, auch nicht neu.<\/p>\n\n\n\n<p class=\"has-medium-font-size\">Nicht eine einzige Silbe deutet auf ein Stadtprojekt hin, und das hier an der &#8220;Hegerm\u00fchle&#8221; mit gut 3000 Einwohnern schnell vorbeifahrend somit eigentlich nicht wahrnehmbar, was die &#8220;Soziale Stadt Hegerm\u00fchle&#8221; betrifft. Alle Parteien und Gruppierung auf den Plakaten wollen dennoch ihre Kreuzchen auf dem Wahlschein hier uns abholen.                                                                                              Wir hier in der Hegerm\u00fchle hatten in der Vergangenheit, der zumindest letzten 5 Jahre und wohl auch in der Zukunft der n\u00e4chsten 5 Jahre, keine kommunalpolitische Lobby. Das w\u00e4re mit M\u00fchen um die sozialen Probleme verbunden und nicht immer nur um FUN&#8230;<\/p>\n\n\n\n<p class=\"has-medium-font-size\">Das Projekt ist vor 5 Jahren f\u00fcr insgesamt 10 Jahre mit einem Finanzierungsumfang von 10 Mio. \u20ac, davon je ein Drittel Bund, Land und Stadt, mit einer b\u00fcrgerbeteiligten Auftaktveranstaltung gestartet worden. Mit als Begr\u00fcndung war die F\u00f6rderung durch geeignete Programme zur Erh\u00f6hung der \u00f6ffentlichen Teilhabe &#8211; die nicht so optimale Wahlbeteiligung war eine Aussage \u00fcbers WARUM, im Jahr 2014 nach Antragsverfahren gew\u00e4hrt worden. Am 26. Mai sind Kommunal- und Europawahlen, am Abend ab 18:00 Uhr wird \u00f6ffentlich ausgez\u00e4hlt&#8230;. Dann wird sich die erhoffte Wirkung bzw. Nachhaltigkeit nach den ersten 5 Jahren darstellen.<\/p>\n\n\n\n<p class=\"has-medium-font-size\">Wenn die &#8220;Hegerm\u00fchle&#8221;, seit Anbeginn seit etwa 40 Jahren ein sozialer Tiegel, \u00e4hnliche oder nur Teilaufmerksamkeit h\u00e4tte wie der Straussee, st\u00fcnde es eventuell besser.                                                                                  Doch auf das Thema Straussee hat sich kurz vor den Wahlen ALLES was\/wer Kreuzchen haben m\u00f6chte quasi geworfen&#8230;da stehen sogar welche am Pegel bei 70cm mit Gie\u00dfkannen im See und versprechen &#8220;Wir machen den See wieder voll&#8221;. Tragen die nun Wasser rein oder Raus&#8230;Aktuell am 11. Mai stand der Pegel zwischen 59\/60cm&#8230;also wo bleibt der viele n\u00f6tige Regen. Fehlender Regen und Klimawandel spielt bei Populisten scheinbar \u00f6ffentlich zugeben keine Rolle. <\/p>\n\n\n\n<p class=\"has-medium-font-size\">Sie brauchen es auch nicht zugeben. Angesichts der europaweiten Kongresse &#8211; auch in Berlin mit Klimakabinett, damit die Diskussion um Klimawandel, Insektensterben en masse in den n\u00e4chsten Jahren, CO2-Steuer und Verteuerung unseres Lebens haben es andere schon l\u00e4ngst auf der Agenda und haben es deutlich in unser Gesichtsfeld ger\u00fcckt. Aber alles davon macht um Strausberg einen Riesenbogen! Da tippt man sich ans Hirn!<\/p>\n\n\n\n<p class=\"has-medium-font-size\">Ich selbst hoffe auf eine bessere Wahlbeteiligung, ob nun die damit verbundenen Europawahlen oder neue hiesige Gesichter aus Parteien und W\u00e4hlergruppen mehr wie bisher zur Wahl animieren, wird sich beim Ausz\u00e4hlen bewahrheiten.<\/p>\n\n\n\n<p class=\"has-medium-font-size\">10 Tage vor der Wahl wei\u00df ich selbst und mein nicht kleiner &#8220;Familienclan&#8221; ganz genau was\/wen wir NICHT w\u00e4hlen, aber wir wissen \u00fcberhaupt noch nicht WAS\/WEN wir w\u00e4hlen, leider&#8230;Trotzdem meine Empfehlung nach fast die letzten 30 Jahre Kommunalpolitik &#8211; Trau schau wem&#8230;<\/p>\n\n\n\n<p>.<\/p>\n\n\n\n<p><\/p>\n\n\n\n<p><\/p>\n\n\n\n<figure class=\"wp-block-gallery columns-3 is-cropped wp-block-gallery-1 is-layout-flex wp-block-gallery-is-layout-flex\"><ul class=\"blocks-gallery-grid\"><li class=\"blocks-gallery-item\"><figure><img loading=\"lazy\" decoding=\"async\" width=\"225\" height=\"300\" src=\"http:\/\/derstrausberger.de\/wp-content\/uploads\/2019\/05\/IMG_20190511_142844-225x300.jpg\" alt=\"\" data-id=\"379\" data-link=\"http:\/\/derstrausberger.de\/?attachment_id=379\" class=\"wp-image-379\" srcset=\"http:\/\/derstrausberger.de\/wp-content\/uploads\/2019\/05\/IMG_20190511_142844-225x300.jpg 225w, http:\/\/derstrausberger.de\/wp-content\/uploads\/2019\/05\/IMG_20190511_142844-768x1024.jpg 768w, http:\/\/derstrausberger.de\/wp-content\/uploads\/2019\/05\/IMG_20190511_142844-113x150.jpg 113w, http:\/\/derstrausberger.de\/wp-content\/uploads\/2019\/05\/IMG_20190511_142844-400x533.jpg 400w\" sizes=\"auto, (max-width: 225px) 100vw, 225px\" \/><figcaption class=\"blocks-gallery-item__caption\">knapp 60cm<\/figcaption><\/figure><\/li><li class=\"blocks-gallery-item\"><figure><img loading=\"lazy\" decoding=\"async\" width=\"225\" height=\"300\" src=\"http:\/\/derstrausberger.de\/wp-content\/uploads\/2019\/05\/IMG_20190511_142852-2-225x300.jpg\" alt=\"\" data-id=\"380\" data-link=\"http:\/\/derstrausberger.de\/?attachment_id=380\" class=\"wp-image-380\" srcset=\"http:\/\/derstrausberger.de\/wp-content\/uploads\/2019\/05\/IMG_20190511_142852-2-225x300.jpg 225w, http:\/\/derstrausberger.de\/wp-content\/uploads\/2019\/05\/IMG_20190511_142852-2-768x1024.jpg 768w, http:\/\/derstrausberger.de\/wp-content\/uploads\/2019\/05\/IMG_20190511_142852-2-113x150.jpg 113w, http:\/\/derstrausberger.de\/wp-content\/uploads\/2019\/05\/IMG_20190511_142852-2-400x533.jpg 400w\" sizes=\"auto, (max-width: 225px) 100vw, 225px\" \/><\/figure><\/li><li class=\"blocks-gallery-item\"><figure><img loading=\"lazy\" decoding=\"async\" width=\"300\" height=\"225\" src=\"http:\/\/derstrausberger.de\/wp-content\/uploads\/2019\/05\/IMG_20190511_142949-2-300x225.jpg\" alt=\"\" data-id=\"382\" data-link=\"http:\/\/derstrausberger.de\/?attachment_id=382\" class=\"wp-image-382\" srcset=\"http:\/\/derstrausberger.de\/wp-content\/uploads\/2019\/05\/IMG_20190511_142949-2-300x225.jpg 300w, http:\/\/derstrausberger.de\/wp-content\/uploads\/2019\/05\/IMG_20190511_142949-2-768x576.jpg 768w, http:\/\/derstrausberger.de\/wp-content\/uploads\/2019\/05\/IMG_20190511_142949-2-1024x768.jpg 1024w, http:\/\/derstrausberger.de\/wp-content\/uploads\/2019\/05\/IMG_20190511_142949-2-150x113.jpg 150w, http:\/\/derstrausberger.de\/wp-content\/uploads\/2019\/05\/IMG_20190511_142949-2-400x300.jpg 400w\" sizes=\"auto, (max-width: 300px) 100vw, 300px\" \/><figcaption class=\"blocks-gallery-item__caption\">An der F\u00e4hre<\/figcaption><\/figure><\/li><li class=\"blocks-gallery-item\"><figure><img loading=\"lazy\" decoding=\"async\" width=\"300\" height=\"225\" src=\"http:\/\/derstrausberger.de\/wp-content\/uploads\/2019\/05\/IMG_20190511_143019-2-300x225.jpg\" alt=\"\" data-id=\"383\" data-link=\"http:\/\/derstrausberger.de\/?attachment_id=383\" class=\"wp-image-383\" srcset=\"http:\/\/derstrausberger.de\/wp-content\/uploads\/2019\/05\/IMG_20190511_143019-2-300x225.jpg 300w, http:\/\/derstrausberger.de\/wp-content\/uploads\/2019\/05\/IMG_20190511_143019-2-768x576.jpg 768w, http:\/\/derstrausberger.de\/wp-content\/uploads\/2019\/05\/IMG_20190511_143019-2-1024x768.jpg 1024w, http:\/\/derstrausberger.de\/wp-content\/uploads\/2019\/05\/IMG_20190511_143019-2-150x113.jpg 150w, http:\/\/derstrausberger.de\/wp-content\/uploads\/2019\/05\/IMG_20190511_143019-2-400x300.jpg 400w\" sizes=\"auto, (max-width: 300px) 100vw, 300px\" \/><figcaption class=\"blocks-gallery-item__caption\">Katastrophe<\/figcaption><\/figure><\/li><li class=\"blocks-gallery-item\"><figure><img loading=\"lazy\" decoding=\"async\" width=\"300\" height=\"225\" src=\"http:\/\/derstrausberger.de\/wp-content\/uploads\/2019\/05\/IMG_20190511_142927-3-300x225.jpg\" alt=\"\" data-id=\"388\" data-link=\"http:\/\/derstrausberger.de\/?attachment_id=388\" class=\"wp-image-388\" srcset=\"http:\/\/derstrausberger.de\/wp-content\/uploads\/2019\/05\/IMG_20190511_142927-3-300x225.jpg 300w, http:\/\/derstrausberger.de\/wp-content\/uploads\/2019\/05\/IMG_20190511_142927-3-768x576.jpg 768w, http:\/\/derstrausberger.de\/wp-content\/uploads\/2019\/05\/IMG_20190511_142927-3-1024x768.jpg 1024w, http:\/\/derstrausberger.de\/wp-content\/uploads\/2019\/05\/IMG_20190511_142927-3-150x113.jpg 150w, http:\/\/derstrausberger.de\/wp-content\/uploads\/2019\/05\/IMG_20190511_142927-3-400x300.jpg 400w\" sizes=\"auto, (max-width: 300px) 100vw, 300px\" \/><figcaption class=\"blocks-gallery-item__caption\">Annemarie<\/figcaption><\/figure><\/li><\/ul><\/figure>\n\n\n\n<p>.<\/p>\n\n\n\n<p>.<\/p>\n","protected":false},"excerpt":{"rendered":"\n<p class=\"has-medium-font-size\">In den letzten Wochen und Tagen hat das Verzieren von jeglichen tragf\u00e4higen und damit nutzbaren Masten mit Plakaten zur anstehenden Wahl mit Konterfeis und Aussagen, Angeboten sowie Versprechungen zugenommen. Was es da nicht alles gibt, die sich um mein Wohl schinden wollen, mehr eventuell um das eigene Wohl.<\/p>\n<p class=\"has-medium-font-size\"> Mit dem Auto [&#8230;]<\/p>\n","protected":false},"author":1,"featured_media":0,"comment_status":"closed","ping_status":"open","sticky":false,"template":"","format":"standard","meta":{"ngg_post_thumbnail":0,"footnotes":""},"categories":[1],"tags":[12,11],"class_list":["post-347","post","type-post","status-publish","format-standard","hentry","category-uncategorized","tag-kommunalpolitik","tag-wahlen","odd"],"_links":{"self":[{"href":"http:\/\/derstrausberger.de\/index.php?rest_route=\/wp\/v2\/posts\/347","targetHints":{"allow":["GET"]}}],"collection":[{"href":"http:\/\/derstrausberger.de\/index.php?rest_route=\/wp\/v2\/posts"}],"about":[{"href":"http:\/\/derstrausberger.de\/index.php?rest_route=\/wp\/v2\/types\/post"}],"author":[{"embeddable":true,"href":"http:\/\/derstrausberger.de\/index.php?rest_route=\/wp\/v2\/users\/1"}],"replies":[{"embeddable":true,"href":"http:\/\/derstrausberger.de\/index.php?rest_route=%2Fwp%2Fv2%2Fcomments&post=347"}],"version-history":[{"count":9,"href":"http:\/\/derstrausberger.de\/index.php?rest_route=\/wp\/v2\/posts\/347\/revisions"}],"predecessor-version":[{"id":1170,"href":"http:\/\/derstrausberger.de\/index.php?rest_route=\/wp\/v2\/posts\/347\/revisions\/1170"}],"wp:attachment":[{"href":"http:\/\/derstrausberger.de\/index.php?rest_route=%2Fwp%2Fv2%2Fmedia&parent=347"}],"wp:term":[{"taxonomy":"category","embeddable":true,"href":"http:\/\/derstrausberger.de\/index.php?rest_route=%2Fwp%2Fv2%2Fcategories&post=347"},{"taxonomy":"post_tag","embeddable":true,"href":"http:\/\/derstrausberger.de\/index.php?rest_route=%2Fwp%2Fv2%2Ftags&post=347"}],"curies":[{"name":"wp","href":"https:\/\/api.w.org\/{rel}","templated":true}]}}