{"id":641,"date":"2019-06-04T09:59:25","date_gmt":"2019-06-04T07:59:25","guid":{"rendered":"http:\/\/derstrausberger.de\/?p=641"},"modified":"2019-06-04T13:17:25","modified_gmt":"2019-06-04T11:17:25","slug":"der-neue-rasenplatz","status":"publish","type":"post","link":"http:\/\/derstrausberger.de\/?p=641","title":{"rendered":"Der neue Rasenplatz&#8230;"},"content":{"rendered":"\n<p>.<\/p>\n\n\n\n<p class=\"has-medium-font-size\">Eingeladen hatte &#8220;SV Gartenstadt 71 e. V.&#8221;, um den neugestalteten Fu\u00dfballplatz nach Umbau einzuweihen und der Bestimmung zu \u00fcbergeben. Nat\u00fcrlich kamen eine Menge G\u00e4ste, auch aus Landesebene als Haupt-F\u00f6rderer und von der Stadt die B\u00fcrgermeisterin. Die Ministerin aus Potsdam hatte sich entschuldigt, so schl\u00e4gt das momentane SPD-Chaos durch. Weil der Verein seit Anbeginn seines Bestehens immer einbettet war und ist, in der gesamten Nachbarschaft in der Gartenstadt, auch dar\u00fcber hinaus, kamen nat\u00fcrlich nicht nur die Kinder, die beim SV bestens integriert sind, sondern auch die Eltern. Nat\u00fcrlich waren die &#8220;Gartenst\u00e4dter&#8221; gestern nicht zum ersten Mal auf der Anlage, die aus mehreren Feldern besteht, sie haben das Umkrempeln tag t\u00e4glich mit verfolgt, gleichfalls mit jahrelangen gen\u00fcgend Eigenleistungen.<\/p>\n\n\n\n<p class=\"has-medium-font-size\">Nach einigen Jahren z\u00e4hem Dranbleibens beim Land und bei der st\u00e4dtischen Politik, ist das gro\u00dfe neue Vorhaben Wirklichkeit geworden&#8230;der Austausch des alten bisherigen Rasenbelages und den Einbau eines Hybridrasenbelages mit Beregnungsanlage aus einem eigens daf\u00fcr niedergebrachten Brunnen, die aus 70m Tiefe den Rasen am Leben und an der Bespielbarkeit erh\u00e4lt.<\/p>\n\n\n\n<p class=\"has-medium-font-size\">Insgesamt war es ein guter Termin und Tag f\u00fcr einen wichtigen Verein der Stadt, der im hohen Ma\u00df seit jeher \u00fcber den Sport soziale Beziehungen erh\u00e4lt und f\u00f6rdert, somit auch ein guter Tag f\u00fcr Strausberg. Als Ehrenmitglied und auch langj\u00e4hriges Mitglied der SVV gilt es f\u00fcr mich der Unnachgiebigkeit f\u00fcr das Vorhaben, dem Verein und f\u00fcr den Pr\u00e4sidenten Detlef Grunert Hochachtung und Respekt zum Ausdruck zu bringen, Danke!<\/p>\n\n\n\n<p>.<\/p>\n\n\n\n<p>.<\/p>\n\n\n\n<p><\/p>\n\n\n\n<ul class=\"wp-block-gallery columns-2 is-cropped wp-block-gallery-1 is-layout-flex wp-block-gallery-is-layout-flex\"><li class=\"blocks-gallery-item\"><figure><img loading=\"lazy\" decoding=\"async\" width=\"740\" height=\"1024\" src=\"http:\/\/derstrausberger.de\/wp-content\/uploads\/2019\/06\/Gartenstadt1-740x1024.jpg\" alt=\"\" data-id=\"660\" data-link=\"http:\/\/derstrausberger.de\/?attachment_id=660\" class=\"wp-image-660\" srcset=\"http:\/\/derstrausberger.de\/wp-content\/uploads\/2019\/06\/Gartenstadt1-740x1024.jpg 740w, http:\/\/derstrausberger.de\/wp-content\/uploads\/2019\/06\/Gartenstadt1-217x300.jpg 217w, http:\/\/derstrausberger.de\/wp-content\/uploads\/2019\/06\/Gartenstadt1-768x1062.jpg 768w, http:\/\/derstrausberger.de\/wp-content\/uploads\/2019\/06\/Gartenstadt1-108x150.jpg 108w, http:\/\/derstrausberger.de\/wp-content\/uploads\/2019\/06\/Gartenstadt1-400x553.jpg 400w, http:\/\/derstrausberger.de\/wp-content\/uploads\/2019\/06\/Gartenstadt1.jpg 888w\" sizes=\"auto, (max-width: 740px) 100vw, 740px\" \/><\/figure><\/li><li class=\"blocks-gallery-item\"><figure><img loading=\"lazy\" decoding=\"async\" width=\"1024\" height=\"587\" src=\"http:\/\/derstrausberger.de\/wp-content\/uploads\/2019\/06\/IMG_20190603_160654-1-1024x587.jpg\" alt=\"\" data-id=\"643\" data-link=\"http:\/\/derstrausberger.de\/?attachment_id=643\" class=\"wp-image-643\" srcset=\"http:\/\/derstrausberger.de\/wp-content\/uploads\/2019\/06\/IMG_20190603_160654-1-1024x587.jpg 1024w, http:\/\/derstrausberger.de\/wp-content\/uploads\/2019\/06\/IMG_20190603_160654-1-300x172.jpg 300w, http:\/\/derstrausberger.de\/wp-content\/uploads\/2019\/06\/IMG_20190603_160654-1-768x440.jpg 768w, http:\/\/derstrausberger.de\/wp-content\/uploads\/2019\/06\/IMG_20190603_160654-1-150x86.jpg 150w, http:\/\/derstrausberger.de\/wp-content\/uploads\/2019\/06\/IMG_20190603_160654-1-400x229.jpg 400w\" sizes=\"auto, (max-width: 1024px) 100vw, 1024px\" \/><figcaption>Detlef, der Pr\u00e4sident<\/figcaption><\/figure><\/li><li class=\"blocks-gallery-item\"><figure><img loading=\"lazy\" decoding=\"async\" width=\"1024\" height=\"768\" src=\"http:\/\/derstrausberger.de\/wp-content\/uploads\/2019\/06\/IMG_20190603_160722-1-1024x768.jpg\" alt=\"\" data-id=\"644\" data-link=\"http:\/\/derstrausberger.de\/?attachment_id=644\" class=\"wp-image-644\" srcset=\"http:\/\/derstrausberger.de\/wp-content\/uploads\/2019\/06\/IMG_20190603_160722-1-1024x768.jpg 1024w, http:\/\/derstrausberger.de\/wp-content\/uploads\/2019\/06\/IMG_20190603_160722-1-300x225.jpg 300w, http:\/\/derstrausberger.de\/wp-content\/uploads\/2019\/06\/IMG_20190603_160722-1-768x576.jpg 768w, http:\/\/derstrausberger.de\/wp-content\/uploads\/2019\/06\/IMG_20190603_160722-1-150x113.jpg 150w, http:\/\/derstrausberger.de\/wp-content\/uploads\/2019\/06\/IMG_20190603_160722-1-400x300.jpg 400w\" sizes=\"auto, (max-width: 1024px) 100vw, 1024px\" \/><figcaption>Der neue Platz<\/figcaption><\/figure><\/li><li class=\"blocks-gallery-item\"><figure><img loading=\"lazy\" decoding=\"async\" width=\"1024\" height=\"818\" src=\"http:\/\/derstrausberger.de\/wp-content\/uploads\/2019\/06\/IMG_20190603_160844-1-1024x818.jpg\" alt=\"\" data-id=\"646\" data-link=\"http:\/\/derstrausberger.de\/?attachment_id=646\" class=\"wp-image-646\" srcset=\"http:\/\/derstrausberger.de\/wp-content\/uploads\/2019\/06\/IMG_20190603_160844-1-1024x818.jpg 1024w, http:\/\/derstrausberger.de\/wp-content\/uploads\/2019\/06\/IMG_20190603_160844-1-300x240.jpg 300w, http:\/\/derstrausberger.de\/wp-content\/uploads\/2019\/06\/IMG_20190603_160844-1-768x614.jpg 768w, http:\/\/derstrausberger.de\/wp-content\/uploads\/2019\/06\/IMG_20190603_160844-1-150x120.jpg 150w, http:\/\/derstrausberger.de\/wp-content\/uploads\/2019\/06\/IMG_20190603_160844-1-400x320.jpg 400w\" sizes=\"auto, (max-width: 1024px) 100vw, 1024px\" \/><figcaption>Die ViP&#8217;s zur Einweihung<\/figcaption><\/figure><\/li><li class=\"blocks-gallery-item\"><figure><img loading=\"lazy\" decoding=\"async\" width=\"1024\" height=\"768\" src=\"http:\/\/derstrausberger.de\/wp-content\/uploads\/2019\/06\/IMG_20190603_161225-1-1024x768.jpg\" alt=\"\" data-id=\"648\" data-link=\"http:\/\/derstrausberger.de\/?attachment_id=648\" class=\"wp-image-648\" srcset=\"http:\/\/derstrausberger.de\/wp-content\/uploads\/2019\/06\/IMG_20190603_161225-1-1024x768.jpg 1024w, http:\/\/derstrausberger.de\/wp-content\/uploads\/2019\/06\/IMG_20190603_161225-1-300x225.jpg 300w, http:\/\/derstrausberger.de\/wp-content\/uploads\/2019\/06\/IMG_20190603_161225-1-768x576.jpg 768w, http:\/\/derstrausberger.de\/wp-content\/uploads\/2019\/06\/IMG_20190603_161225-1-150x113.jpg 150w, http:\/\/derstrausberger.de\/wp-content\/uploads\/2019\/06\/IMG_20190603_161225-1-400x300.jpg 400w\" sizes=\"auto, (max-width: 1024px) 100vw, 1024px\" \/><figcaption>Banddurchschnitt<\/figcaption><\/figure><\/li><li class=\"blocks-gallery-item\"><figure><img loading=\"lazy\" decoding=\"async\" width=\"1024\" height=\"768\" src=\"http:\/\/derstrausberger.de\/wp-content\/uploads\/2019\/06\/IMG_20190603_161219-1-1024x768.jpg\" alt=\"\" data-id=\"647\" data-link=\"http:\/\/derstrausberger.de\/?attachment_id=647\" class=\"wp-image-647\" srcset=\"http:\/\/derstrausberger.de\/wp-content\/uploads\/2019\/06\/IMG_20190603_161219-1-1024x768.jpg 1024w, http:\/\/derstrausberger.de\/wp-content\/uploads\/2019\/06\/IMG_20190603_161219-1-300x225.jpg 300w, http:\/\/derstrausberger.de\/wp-content\/uploads\/2019\/06\/IMG_20190603_161219-1-768x576.jpg 768w, http:\/\/derstrausberger.de\/wp-content\/uploads\/2019\/06\/IMG_20190603_161219-1-150x113.jpg 150w, http:\/\/derstrausberger.de\/wp-content\/uploads\/2019\/06\/IMG_20190603_161219-1-400x300.jpg 400w\" sizes=\"auto, (max-width: 1024px) 100vw, 1024px\" \/><figcaption>Der Nachwuchs in Aktion<\/figcaption><\/figure><\/li><li class=\"blocks-gallery-item\"><figure><img loading=\"lazy\" decoding=\"async\" width=\"1024\" height=\"545\" src=\"http:\/\/derstrausberger.de\/wp-content\/uploads\/2019\/06\/IMG_20190603_161322-1-1024x545.jpg\" alt=\"\" data-id=\"649\" data-link=\"http:\/\/derstrausberger.de\/?attachment_id=649\" class=\"wp-image-649\" srcset=\"http:\/\/derstrausberger.de\/wp-content\/uploads\/2019\/06\/IMG_20190603_161322-1-1024x545.jpg 1024w, http:\/\/derstrausberger.de\/wp-content\/uploads\/2019\/06\/IMG_20190603_161322-1-300x160.jpg 300w, http:\/\/derstrausberger.de\/wp-content\/uploads\/2019\/06\/IMG_20190603_161322-1-768x409.jpg 768w, http:\/\/derstrausberger.de\/wp-content\/uploads\/2019\/06\/IMG_20190603_161322-1-150x80.jpg 150w, http:\/\/derstrausberger.de\/wp-content\/uploads\/2019\/06\/IMG_20190603_161322-1-400x213.jpg 400w\" sizes=\"auto, (max-width: 1024px) 100vw, 1024px\" \/><figcaption>Das gef\u00f6rderte Projekt<\/figcaption><\/figure><\/li><li class=\"blocks-gallery-item\"><figure><img loading=\"lazy\" decoding=\"async\" width=\"1024\" height=\"768\" src=\"http:\/\/derstrausberger.de\/wp-content\/uploads\/2019\/06\/IMG_20190603_162904-1-1024x768.jpg\" alt=\"\" data-id=\"650\" data-link=\"http:\/\/derstrausberger.de\/?attachment_id=650\" class=\"wp-image-650\" srcset=\"http:\/\/derstrausberger.de\/wp-content\/uploads\/2019\/06\/IMG_20190603_162904-1-1024x768.jpg 1024w, http:\/\/derstrausberger.de\/wp-content\/uploads\/2019\/06\/IMG_20190603_162904-1-300x225.jpg 300w, http:\/\/derstrausberger.de\/wp-content\/uploads\/2019\/06\/IMG_20190603_162904-1-768x576.jpg 768w, http:\/\/derstrausberger.de\/wp-content\/uploads\/2019\/06\/IMG_20190603_162904-1-150x113.jpg 150w, http:\/\/derstrausberger.de\/wp-content\/uploads\/2019\/06\/IMG_20190603_162904-1-400x300.jpg 400w\" sizes=\"auto, (max-width: 1024px) 100vw, 1024px\" \/><figcaption><br><\/figcaption><\/figure><\/li><li class=\"blocks-gallery-item\"><figure><img loading=\"lazy\" decoding=\"async\" width=\"1024\" height=\"768\" src=\"http:\/\/derstrausberger.de\/wp-content\/uploads\/2019\/06\/IMG_20190603_162905-1-1024x768.jpg\" alt=\"\" data-id=\"651\" data-link=\"http:\/\/derstrausberger.de\/?attachment_id=651\" class=\"wp-image-651\" srcset=\"http:\/\/derstrausberger.de\/wp-content\/uploads\/2019\/06\/IMG_20190603_162905-1-1024x768.jpg 1024w, http:\/\/derstrausberger.de\/wp-content\/uploads\/2019\/06\/IMG_20190603_162905-1-300x225.jpg 300w, http:\/\/derstrausberger.de\/wp-content\/uploads\/2019\/06\/IMG_20190603_162905-1-768x576.jpg 768w, http:\/\/derstrausberger.de\/wp-content\/uploads\/2019\/06\/IMG_20190603_162905-1-150x113.jpg 150w, http:\/\/derstrausberger.de\/wp-content\/uploads\/2019\/06\/IMG_20190603_162905-1-400x300.jpg 400w\" sizes=\"auto, (max-width: 1024px) 100vw, 1024px\" \/><figcaption><br><\/figcaption><\/figure><\/li><li class=\"blocks-gallery-item\"><figure><img loading=\"lazy\" decoding=\"async\" width=\"1024\" height=\"768\" src=\"http:\/\/derstrausberger.de\/wp-content\/uploads\/2019\/06\/IMG_20190603_162914-1-1024x768.jpg\" alt=\"\" data-id=\"652\" data-link=\"http:\/\/derstrausberger.de\/?attachment_id=652\" class=\"wp-image-652\" srcset=\"http:\/\/derstrausberger.de\/wp-content\/uploads\/2019\/06\/IMG_20190603_162914-1-1024x768.jpg 1024w, http:\/\/derstrausberger.de\/wp-content\/uploads\/2019\/06\/IMG_20190603_162914-1-300x225.jpg 300w, http:\/\/derstrausberger.de\/wp-content\/uploads\/2019\/06\/IMG_20190603_162914-1-768x576.jpg 768w, http:\/\/derstrausberger.de\/wp-content\/uploads\/2019\/06\/IMG_20190603_162914-1-150x113.jpg 150w, http:\/\/derstrausberger.de\/wp-content\/uploads\/2019\/06\/IMG_20190603_162914-1-400x300.jpg 400w\" sizes=\"auto, (max-width: 1024px) 100vw, 1024px\" \/><figcaption><br><\/figcaption><\/figure><\/li><li class=\"blocks-gallery-item\"><figure><img loading=\"lazy\" decoding=\"async\" width=\"1024\" height=\"768\" src=\"http:\/\/derstrausberger.de\/wp-content\/uploads\/2019\/06\/IMG_20190603_162944-1-1024x768.jpg\" alt=\"\" data-id=\"653\" data-link=\"http:\/\/derstrausberger.de\/?attachment_id=653\" class=\"wp-image-653\" srcset=\"http:\/\/derstrausberger.de\/wp-content\/uploads\/2019\/06\/IMG_20190603_162944-1-1024x768.jpg 1024w, http:\/\/derstrausberger.de\/wp-content\/uploads\/2019\/06\/IMG_20190603_162944-1-300x225.jpg 300w, http:\/\/derstrausberger.de\/wp-content\/uploads\/2019\/06\/IMG_20190603_162944-1-768x576.jpg 768w, http:\/\/derstrausberger.de\/wp-content\/uploads\/2019\/06\/IMG_20190603_162944-1-150x113.jpg 150w, http:\/\/derstrausberger.de\/wp-content\/uploads\/2019\/06\/IMG_20190603_162944-1-400x300.jpg 400w\" sizes=\"auto, (max-width: 1024px) 100vw, 1024px\" \/><figcaption><br><\/figcaption><\/figure><\/li><li class=\"blocks-gallery-item\"><figure><img loading=\"lazy\" decoding=\"async\" width=\"1024\" height=\"768\" src=\"http:\/\/derstrausberger.de\/wp-content\/uploads\/2019\/06\/IMG_20190603_162950-1-1024x768.jpg\" alt=\"\" data-id=\"654\" data-link=\"http:\/\/derstrausberger.de\/?attachment_id=654\" class=\"wp-image-654\" srcset=\"http:\/\/derstrausberger.de\/wp-content\/uploads\/2019\/06\/IMG_20190603_162950-1-1024x768.jpg 1024w, http:\/\/derstrausberger.de\/wp-content\/uploads\/2019\/06\/IMG_20190603_162950-1-300x225.jpg 300w, http:\/\/derstrausberger.de\/wp-content\/uploads\/2019\/06\/IMG_20190603_162950-1-768x576.jpg 768w, http:\/\/derstrausberger.de\/wp-content\/uploads\/2019\/06\/IMG_20190603_162950-1-150x113.jpg 150w, http:\/\/derstrausberger.de\/wp-content\/uploads\/2019\/06\/IMG_20190603_162950-1-400x300.jpg 400w\" sizes=\"auto, (max-width: 1024px) 100vw, 1024px\" \/><figcaption><br><\/figcaption><\/figure><\/li><li class=\"blocks-gallery-item\"><figure><img loading=\"lazy\" decoding=\"async\" width=\"1024\" height=\"768\" src=\"http:\/\/derstrausberger.de\/wp-content\/uploads\/2019\/06\/IMG_20190603_162952-1-1024x768.jpg\" alt=\"\" data-id=\"655\" data-link=\"http:\/\/derstrausberger.de\/?attachment_id=655\" class=\"wp-image-655\" srcset=\"http:\/\/derstrausberger.de\/wp-content\/uploads\/2019\/06\/IMG_20190603_162952-1-1024x768.jpg 1024w, http:\/\/derstrausberger.de\/wp-content\/uploads\/2019\/06\/IMG_20190603_162952-1-300x225.jpg 300w, http:\/\/derstrausberger.de\/wp-content\/uploads\/2019\/06\/IMG_20190603_162952-1-768x576.jpg 768w, http:\/\/derstrausberger.de\/wp-content\/uploads\/2019\/06\/IMG_20190603_162952-1-150x113.jpg 150w, http:\/\/derstrausberger.de\/wp-content\/uploads\/2019\/06\/IMG_20190603_162952-1-400x300.jpg 400w\" sizes=\"auto, (max-width: 1024px) 100vw, 1024px\" \/><figcaption><br><\/figcaption><\/figure><\/li><li class=\"blocks-gallery-item\"><figure><img loading=\"lazy\" decoding=\"async\" width=\"1024\" height=\"768\" src=\"http:\/\/derstrausberger.de\/wp-content\/uploads\/2019\/06\/IMG_20190603_163000-1-1024x768.jpg\" alt=\"\" data-id=\"656\" data-link=\"http:\/\/derstrausberger.de\/?attachment_id=656\" class=\"wp-image-656\" srcset=\"http:\/\/derstrausberger.de\/wp-content\/uploads\/2019\/06\/IMG_20190603_163000-1-1024x768.jpg 1024w, http:\/\/derstrausberger.de\/wp-content\/uploads\/2019\/06\/IMG_20190603_163000-1-300x225.jpg 300w, http:\/\/derstrausberger.de\/wp-content\/uploads\/2019\/06\/IMG_20190603_163000-1-768x576.jpg 768w, http:\/\/derstrausberger.de\/wp-content\/uploads\/2019\/06\/IMG_20190603_163000-1-150x113.jpg 150w, http:\/\/derstrausberger.de\/wp-content\/uploads\/2019\/06\/IMG_20190603_163000-1-400x300.jpg 400w\" sizes=\"auto, (max-width: 1024px) 100vw, 1024px\" \/><figcaption><br><\/figcaption><\/figure><\/li><li class=\"blocks-gallery-item\"><figure><img loading=\"lazy\" decoding=\"async\" width=\"1024\" height=\"768\" src=\"http:\/\/derstrausberger.de\/wp-content\/uploads\/2019\/06\/IMG_20190603_163005-1-1024x768.jpg\" alt=\"\" data-id=\"657\" data-link=\"http:\/\/derstrausberger.de\/?attachment_id=657\" class=\"wp-image-657\" srcset=\"http:\/\/derstrausberger.de\/wp-content\/uploads\/2019\/06\/IMG_20190603_163005-1-1024x768.jpg 1024w, http:\/\/derstrausberger.de\/wp-content\/uploads\/2019\/06\/IMG_20190603_163005-1-300x225.jpg 300w, http:\/\/derstrausberger.de\/wp-content\/uploads\/2019\/06\/IMG_20190603_163005-1-768x576.jpg 768w, http:\/\/derstrausberger.de\/wp-content\/uploads\/2019\/06\/IMG_20190603_163005-1-150x113.jpg 150w, http:\/\/derstrausberger.de\/wp-content\/uploads\/2019\/06\/IMG_20190603_163005-1-400x300.jpg 400w\" sizes=\"auto, (max-width: 1024px) 100vw, 1024px\" \/><figcaption><br><\/figcaption><\/figure><\/li><\/ul>\n\n\n\n<p>.<\/p>\n\n\n\n<p>.<\/p>\n\n\n\n<p><\/p>\n","protected":false},"excerpt":{"rendered":"\n<p>.<\/p>\n<p class=\"has-medium-font-size\">Eingeladen hatte &#8220;SV Gartenstadt 71 e. V.&#8221;, um den neugestalteten Fu\u00dfballplatz nach Umbau einzuweihen und der Bestimmung zu \u00fcbergeben. Nat\u00fcrlich kamen eine Menge G\u00e4ste, auch aus Landesebene als Haupt-F\u00f6rderer und von der Stadt die B\u00fcrgermeisterin. Die Ministerin aus Potsdam hatte sich entschuldigt, so schl\u00e4gt das momentane SPD-Chaos durch. Weil der Verein seit [&#8230;]<\/p>\n","protected":false},"author":1,"featured_media":0,"comment_status":"closed","ping_status":"open","sticky":false,"template":"","format":"standard","meta":{"ngg_post_thumbnail":0,"footnotes":""},"categories":[1],"tags":[18,17],"class_list":["post-641","post","type-post","status-publish","format-standard","hentry","category-uncategorized","tag-fussball-sport","tag-sv-gartenstadt","odd"],"_links":{"self":[{"href":"http:\/\/derstrausberger.de\/index.php?rest_route=\/wp\/v2\/posts\/641","targetHints":{"allow":["GET"]}}],"collection":[{"href":"http:\/\/derstrausberger.de\/index.php?rest_route=\/wp\/v2\/posts"}],"about":[{"href":"http:\/\/derstrausberger.de\/index.php?rest_route=\/wp\/v2\/types\/post"}],"author":[{"embeddable":true,"href":"http:\/\/derstrausberger.de\/index.php?rest_route=\/wp\/v2\/users\/1"}],"replies":[{"embeddable":true,"href":"http:\/\/derstrausberger.de\/index.php?rest_route=%2Fwp%2Fv2%2Fcomments&post=641"}],"version-history":[{"count":11,"href":"http:\/\/derstrausberger.de\/index.php?rest_route=\/wp\/v2\/posts\/641\/revisions"}],"predecessor-version":[{"id":678,"href":"http:\/\/derstrausberger.de\/index.php?rest_route=\/wp\/v2\/posts\/641\/revisions\/678"}],"wp:attachment":[{"href":"http:\/\/derstrausberger.de\/index.php?rest_route=%2Fwp%2Fv2%2Fmedia&parent=641"}],"wp:term":[{"taxonomy":"category","embeddable":true,"href":"http:\/\/derstrausberger.de\/index.php?rest_route=%2Fwp%2Fv2%2Fcategories&post=641"},{"taxonomy":"post_tag","embeddable":true,"href":"http:\/\/derstrausberger.de\/index.php?rest_route=%2Fwp%2Fv2%2Ftags&post=641"}],"curies":[{"name":"wp","href":"https:\/\/api.w.org\/{rel}","templated":true}]}}